{"id":5337,"date":"2021-10-26T10:55:19","date_gmt":"2021-10-26T08:55:19","guid":{"rendered":"https:\/\/uli-freese.de\/neu\/?p=5337"},"modified":"2021-10-29T11:26:27","modified_gmt":"2021-10-29T09:26:27","slug":"herzlichen-dank-aber-es-gibt-noch-viel-zu-tun","status":"publish","type":"post","link":"https:\/\/uli-freese.de\/neu\/2021\/10\/26\/herzlichen-dank-aber-es-gibt-noch-viel-zu-tun\/","title":{"rendered":"Herzlichen Dank, aber es gibt noch viel zu tun!"},"content":{"rendered":"<p><img loading=\"lazy\" class=\"wp-image-1718 size-medium alignright\" src=\"http:\/\/uli-freese.de\/neu\/wp-content\/uploads\/2018\/01\/Uli-Freese-WP19-__Foto_c-Deutscher-Bundestag-Thomas-Trutschel-photothek.net-D-e1573808048820-300x211.jpg\" alt=\"\" width=\"300\" height=\"211\" srcset=\"https:\/\/uli-freese.de\/neu\/wp-content\/uploads\/2018\/01\/Uli-Freese-WP19-__Foto_c-Deutscher-Bundestag-Thomas-Trutschel-photothek.net-D-e1573808048820-300x211.jpg 300w, https:\/\/uli-freese.de\/neu\/wp-content\/uploads\/2018\/01\/Uli-Freese-WP19-__Foto_c-Deutscher-Bundestag-Thomas-Trutschel-photothek.net-D-e1573808048820-768x540.jpg 768w, https:\/\/uli-freese.de\/neu\/wp-content\/uploads\/2018\/01\/Uli-Freese-WP19-__Foto_c-Deutscher-Bundestag-Thomas-Trutschel-photothek.net-D-e1573808048820-1024x721.jpg 1024w, https:\/\/uli-freese.de\/neu\/wp-content\/uploads\/2018\/01\/Uli-Freese-WP19-__Foto_c-Deutscher-Bundestag-Thomas-Trutschel-photothek.net-D-e1573808048820-830x584.jpg 830w, https:\/\/uli-freese.de\/neu\/wp-content\/uploads\/2018\/01\/Uli-Freese-WP19-__Foto_c-Deutscher-Bundestag-Thomas-Trutschel-photothek.net-D-e1573808048820-230x162.jpg 230w, https:\/\/uli-freese.de\/neu\/wp-content\/uploads\/2018\/01\/Uli-Freese-WP19-__Foto_c-Deutscher-Bundestag-Thomas-Trutschel-photothek.net-D-e1573808048820-350x246.jpg 350w, https:\/\/uli-freese.de\/neu\/wp-content\/uploads\/2018\/01\/Uli-Freese-WP19-__Foto_c-Deutscher-Bundestag-Thomas-Trutschel-photothek.net-D-e1573808048820-480x338.jpg 480w, https:\/\/uli-freese.de\/neu\/wp-content\/uploads\/2018\/01\/Uli-Freese-WP19-__Foto_c-Deutscher-Bundestag-Thomas-Trutschel-photothek.net-D-e1573808048820.jpg 2048w\" sizes=\"(max-width: 300px) 100vw, 300px\" \/><\/p>\n<p><strong>Heute beginnt offiziell mit der konstituierenden Sitzung die 20. Wahlperiode, und damit endet meine Mitgliedschaft im Deutschen Bundestag.<\/strong><\/p>\n<p>Ich bin dankbar, dass ich in den entscheidenden Jahren f\u00fcr die Entwicklung der Lausitz an ma\u00dfgeblicher Stelle im Wirtschafts- und Energieausschuss und als st\u00e4ndiger Vertreter im Haushaltsausschuss die Rahmenbedingungen f\u00fcr einen gelingenden Strukturwandel der Lausitz mitgestalten durfte und konnte.<\/p>\n<p>Ich danke allen, die mich auf meinem langen politischen Weg seit 1970 gef\u00f6rdert, unterst\u00fctzt und beraten haben. Der Erfolg ist &#8211; wie die Niederlage &#8211; immer nicht nur die Sache einer Person.<\/p>\n<p>Wer glaubt, ich melde mich ab, der wird sich wundern. Es gibt noch viel zu tun! Auch der Kreistag von Spree-Nei\u00dfe, dessen Mitglied ich bin, ist ein wichtiger Gestaltungsfaktor f\u00fcr einen gelingenden Strukturwandel und eine gute Entwicklung unserer Region.<\/p>\n<p>Allen, die mich m\u00f6gen oder auch nicht m\u00f6gen, nun als Bundestagsabgeordneter ein letztes Gl\u00fcckauf!<\/p>\n","protected":false},"excerpt":{"rendered":"<p>Heute beginnt offiziell mit der konstituierenden Sitzung die 20. Wahlperiode, und damit endet meine Mitgliedschaft im Deutschen Bundestag. Ich bin dankbar, dass ich in den entscheidenden Jahren f\u00fcr die Entwicklung der Lausitz an ma\u00dfgeblicher Stelle im Wirtschafts- und Energieausschuss und als st\u00e4ndiger Vertreter im Haushaltsausschuss die Rahmenbedingungen f\u00fcr einen gelingenden Strukturwandel der Lausitz mitgestalten durfte [&hellip;]<\/p>\n","protected":false},"author":2,"featured_media":0,"comment_status":"closed","ping_status":"closed","sticky":false,"template":"","format":"standard","meta":[],"categories":[3],"tags":[],"_links":{"self":[{"href":"https:\/\/uli-freese.de\/neu\/wp-json\/wp\/v2\/posts\/5337"}],"collection":[{"href":"https:\/\/uli-freese.de\/neu\/wp-json\/wp\/v2\/posts"}],"about":[{"href":"https:\/\/uli-freese.de\/neu\/wp-json\/wp\/v2\/types\/post"}],"author":[{"embeddable":true,"href":"https:\/\/uli-freese.de\/neu\/wp-json\/wp\/v2\/users\/2"}],"replies":[{"embeddable":true,"href":"https:\/\/uli-freese.de\/neu\/wp-json\/wp\/v2\/comments?post=5337"}],"version-history":[{"count":3,"href":"https:\/\/uli-freese.de\/neu\/wp-json\/wp\/v2\/posts\/5337\/revisions"}],"predecessor-version":[{"id":5341,"href":"https:\/\/uli-freese.de\/neu\/wp-json\/wp\/v2\/posts\/5337\/revisions\/5341"}],"wp:attachment":[{"href":"https:\/\/uli-freese.de\/neu\/wp-json\/wp\/v2\/media?parent=5337"}],"wp:term":[{"taxonomy":"category","embeddable":true,"href":"https:\/\/uli-freese.de\/neu\/wp-json\/wp\/v2\/categories?post=5337"},{"taxonomy":"post_tag","embeddable":true,"href":"https:\/\/uli-freese.de\/neu\/wp-json\/wp\/v2\/tags?post=5337"}],"curies":[{"name":"wp","href":"https:\/\/api.w.org\/{rel}","templated":true}]}}