{"id":888,"date":"2015-06-19T18:25:50","date_gmt":"2015-06-19T16:25:50","guid":{"rendered":"http:\/\/uli-freese.de\/neu\/2015\/06\/19\/scheunentalk-zur-perspektive-der-lausitz-2030\/"},"modified":"2018-01-22T16:06:52","modified_gmt":"2018-01-22T15:06:52","slug":"scheunentalk-zur-perspektive-der-lausitz-2030","status":"publish","type":"post","link":"https:\/\/uli-freese.de\/neu\/2015\/06\/19\/scheunentalk-zur-perspektive-der-lausitz-2030\/","title":{"rendered":"Scheunentalk zur Perspektive der Lausitz 2030"},"content":{"rendered":"<p><img loading=\"lazy\" class=\" size-full wp-image-886\" title=\"Das Podium des dritten Scheunentalks von Gastgeber Jens-Uwe Hoffmann in der Theaterscheune Str\u00f6bitz\" src=\"http:\/\/uli-freese.de\/neu\/wp-content\/uploads\/2015\/06\/20150619_CB_Scheunentalk.jpg\" alt=\"(Foto: Wahlkreisb\u00fcro MdB Freese, Michael Heger)\" width=\"686\" height=\"459\" srcset=\"https:\/\/uli-freese.de\/neu\/wp-content\/uploads\/2015\/06\/20150619_CB_Scheunentalk.jpg 960w, https:\/\/uli-freese.de\/neu\/wp-content\/uploads\/2015\/06\/20150619_CB_Scheunentalk-300x201.jpg 300w, https:\/\/uli-freese.de\/neu\/wp-content\/uploads\/2015\/06\/20150619_CB_Scheunentalk-768x514.jpg 768w\" sizes=\"(max-width: 686px) 100vw, 686px\" \/><\/p>\n<p><img loading=\"lazy\" class=\" alignright size-full wp-image-887\" style=\"float: right;\" title=\"Dritter Scheunentalk: Gruppenfoto des Podiums im Anschluss an die zum teil leidenschaftlich gef\u00fchrte Diskussion\" src=\"http:\/\/uli-freese.de\/neu\/wp-content\/uploads\/2015\/06\/20150619_CB_Scheunentalk_Gruppenfoto.jpg\" alt=\"(Foto: Wahlkreisb\u00fcro MdB Freese, Michael Heger)\" width=\"300\" height=\"169\" srcset=\"https:\/\/uli-freese.de\/neu\/wp-content\/uploads\/2015\/06\/20150619_CB_Scheunentalk_Gruppenfoto.jpg 1632w, https:\/\/uli-freese.de\/neu\/wp-content\/uploads\/2015\/06\/20150619_CB_Scheunentalk_Gruppenfoto-300x169.jpg 300w, https:\/\/uli-freese.de\/neu\/wp-content\/uploads\/2015\/06\/20150619_CB_Scheunentalk_Gruppenfoto-768x432.jpg 768w, https:\/\/uli-freese.de\/neu\/wp-content\/uploads\/2015\/06\/20150619_CB_Scheunentalk_Gruppenfoto-1024x576.jpg 1024w\" sizes=\"(max-width: 300px) 100vw, 300px\" \/>Heute Abend bin ich zu Gast in der dritten Ausgabe des &#8222;Scheunen-Talk&#8220; mit Gastgeber Jens-Uwe Hoffmann. Es geht um die wirtschaftlichen und energiepolitischen Perspektiven und Visionen f\u00fcr die Lausitz 2030. Der Talk wird f\u00fcrs Internet aufgezeichnet und ist in den n\u00e4chsten Tagen abrufbar.<\/p>\n<p>Neben mir begr\u00fc\u00dft der Gastgeber in der Theaterscheune des Staatstheaters auf dem Podium&nbsp;die Kreistagspr\u00e4sidentin Monika Schulz-H\u00f6pfner, den Chefredakteur der Lausitzer Rundschau Johannes M. Fischer und den Gesch\u00e4ftsf\u00fchrer des CTK, Dr. Andreas Brakmann.&nbsp;<\/p>\n<p>Der Scheunentalk ist eine seit Anfang des Jahres regelm\u00e4ssig stattfindende Veranstaltung des Staatstheaters Cottbus, welche sich die &#8222;erste origin\u00e4re Brandenburger Talkrunde&#8220; nennt, die trotz eines TV-Mitschnitts aber nicht als Fernsehtalkrunde sondern als Theaterevent konzipiert ist.&nbsp;<\/p>\n<p>Sobald der Mitschnitt der Talkrunde im Netz steht, wird an dieser Stelle der entsprechende Link zum Video ver\u00f6ffentlicht. &nbsp;<\/p>\n","protected":false},"excerpt":{"rendered":"<p>Heute Abend bin ich zu Gast in der dritten Ausgabe des &#8222;Scheunen-Talk&#8220; mit Gastgeber Jens-Uwe Hoffmann. Es geht um die wirtschaftlichen und energiepolitischen Perspektiven und Visionen f\u00fcr die Lausitz 2030. Der Talk wird f\u00fcrs Internet aufgezeichnet und ist in den n\u00e4chsten Tagen abrufbar. Neben mir begr\u00fc\u00dft der Gastgeber in der Theaterscheune des Staatstheaters auf dem [&hellip;]<\/p>\n","protected":false},"author":1,"featured_media":885,"comment_status":"closed","ping_status":"open","sticky":false,"template":"","format":"standard","meta":[],"categories":[3],"tags":[],"_links":{"self":[{"href":"https:\/\/uli-freese.de\/neu\/wp-json\/wp\/v2\/posts\/888"}],"collection":[{"href":"https:\/\/uli-freese.de\/neu\/wp-json\/wp\/v2\/posts"}],"about":[{"href":"https:\/\/uli-freese.de\/neu\/wp-json\/wp\/v2\/types\/post"}],"author":[{"embeddable":true,"href":"https:\/\/uli-freese.de\/neu\/wp-json\/wp\/v2\/users\/1"}],"replies":[{"embeddable":true,"href":"https:\/\/uli-freese.de\/neu\/wp-json\/wp\/v2\/comments?post=888"}],"version-history":[{"count":1,"href":"https:\/\/uli-freese.de\/neu\/wp-json\/wp\/v2\/posts\/888\/revisions"}],"predecessor-version":[{"id":2090,"href":"https:\/\/uli-freese.de\/neu\/wp-json\/wp\/v2\/posts\/888\/revisions\/2090"}],"wp:featuredmedia":[{"embeddable":true,"href":"https:\/\/uli-freese.de\/neu\/wp-json\/wp\/v2\/media\/885"}],"wp:attachment":[{"href":"https:\/\/uli-freese.de\/neu\/wp-json\/wp\/v2\/media?parent=888"}],"wp:term":[{"taxonomy":"category","embeddable":true,"href":"https:\/\/uli-freese.de\/neu\/wp-json\/wp\/v2\/categories?post=888"},{"taxonomy":"post_tag","embeddable":true,"href":"https:\/\/uli-freese.de\/neu\/wp-json\/wp\/v2\/tags?post=888"}],"curies":[{"name":"wp","href":"https:\/\/api.w.org\/{rel}","templated":true}]}}