{"id":892,"date":"2015-06-29T08:12:07","date_gmt":"2015-06-29T06:12:07","guid":{"rendered":"http:\/\/uli-freese.de\/neu\/2015\/06\/29\/50-buergerinnen-und-buerger-besuchten-das-politische-berlin-die-haelfte-waren-junge-lausitzer\/"},"modified":"2018-01-22T16:06:40","modified_gmt":"2018-01-22T15:06:40","slug":"50-buergerinnen-und-buerger-besuchten-das-politische-berlin-die-haelfte-waren-junge-lausitzer","status":"publish","type":"post","link":"https:\/\/uli-freese.de\/neu\/2015\/06\/29\/50-buergerinnen-und-buerger-besuchten-das-politische-berlin-die-haelfte-waren-junge-lausitzer\/","title":{"rendered":"50 B\u00fcrgerinnen und B\u00fcrger besuchten das politische Berlin &#8211; die H\u00e4lfte waren junge Lausitzer"},"content":{"rendered":"<p><img loading=\"lazy\" class=\" size-full wp-image-891\" title=\"BPA Fahrt Cottbus 2015 - offizielles Gruppenfoto\" src=\"http:\/\/uli-freese.de\/neu\/wp-content\/uploads\/2015\/06\/20150625_BPA_Fahrt_Cottbus_2015_Gruppenfoto_offiziell.jpg\" alt=\"(Foto: Arge GF-BT GbR, im Auftrag des BPA - alle Fotos der verlinkten Galarien: MdB B\u00fcro Freese, Michael Heger)\" width=\"686\" height=\"460\" srcset=\"https:\/\/uli-freese.de\/neu\/wp-content\/uploads\/2015\/06\/20150625_BPA_Fahrt_Cottbus_2015_Gruppenfoto_offiziell.jpg 960w, https:\/\/uli-freese.de\/neu\/wp-content\/uploads\/2015\/06\/20150625_BPA_Fahrt_Cottbus_2015_Gruppenfoto_offiziell-300x201.jpg 300w, https:\/\/uli-freese.de\/neu\/wp-content\/uploads\/2015\/06\/20150625_BPA_Fahrt_Cottbus_2015_Gruppenfoto_offiziell-768x515.jpg 768w\" sizes=\"(max-width: 686px) 100vw, 686px\" \/> <\/p>\n<p>50 politisch interessierte B\u00fcrgerinnen und B\u00fcrger besuchten mit dem Bundespresseamt in der vergangenen Woche die Hauptstadt.&nbsp;Auf dem Programm standen neben einem Reichstags-Besuch bei mir als heimischen Abgeordneten auch die SPD-Parteizentrale, das Bundeskanzleramt und Gedenkst\u00e4tten zum NS-Terror und der Mauergeschichte.<\/p>\n<p>In Diskussionsrunden wurden besonders Themen der Energiepolitik aber auch aktuelles wie die Griechenland-Hilfe innerhalb der Gruppe und mit mir als MdB diskutiert. Besonders gefreut habe ich mich dar\u00fcber, dass rund die H\u00e4lfte der Besucher junge Menschen zwischen 15 und 25 Jahren waren, unter anderem das erst Ende Mai frisch gegr\u00fcndete Jugendforum &#8222;Demokratie leben&#8220; der Stadt Cottbus, welches sich mit Jugendlichen und Mitarbeitern der Stadt an der Fahrt beteiligte. Au\u00dferdem dabei war ein Teil der Jugendabteilung der IG BCE aus Welzow. Im September und November stehen weitere Zweitagesfahrten nach Berlin an.<\/p>\n<p>Impressionen der Fahrt gibt es auf meiner Facebookseite, und f\u00fcr alle ohne Zugang zum Social-Network auch hier:<\/p>\n<p>Tag 1:<\/p>\n<div id=\"fb-root\"><\/div>\n<p><script>(function(d, s, id) {  var js, fjs = d.getElementsByTagName(s)[0];  if (d.getElementById(id)) return;  js = d.createElement(s); js.id = id;  js.src = \"\/\/connect.facebook.net\/de_DE\/sdk.js#xfbml=1&version=v2.3\";  fjs.parentNode.insertBefore(js, fjs);}(document, 'script', 'facebook-jssdk'));<\/script><\/p>\n<div class=\"fb-post\" data-href=\"https:\/\/www.facebook.com\/ulifreese\/posts\/1018309721513625\" data-width=\"686\">\n<div class=\"fb-xfbml-parse-ignore\">\n<blockquote cite=\"https:\/\/www.facebook.com\/ulifreese\/posts\/1018309721513625\">\n<p>Heute ging es f&#xfc;r mich nach Berlin. 50 politisch interessierte B&#xfc;rgerinnen und B&#xfc;rger zwischen 15 und 60+ erleben heute&#8230;<\/p>\n<p>Posted by <a href=\"https:\/\/www.facebook.com\/ulifreese\">Uli Freese<\/a> on&nbsp;<a href=\"https:\/\/www.facebook.com\/ulifreese\/posts\/1018309721513625\">Donnerstag, 25. Juni 2015<\/a><\/p><\/blockquote>\n<\/div>\n<\/div>\n<div id=\"fb-root\"><\/div>\n<p><script>(function(d, s, id) {  var js, fjs = d.getElementsByTagName(s)[0];  if (d.getElementById(id)) return;  js = d.createElement(s); js.id = id;  js.src = \"\/\/connect.facebook.net\/de_DE\/sdk.js#xfbml=1&version=v2.3\";  fjs.parentNode.insertBefore(js, fjs);}(document, 'script', 'facebook-jssdk'));<\/script><\/p>\n<div class=\"fb-post\" data-href=\"https:\/\/www.facebook.com\/ulifreese\/posts\/1018348014843129\" data-width=\"686\">\n<div class=\"fb-xfbml-parse-ignore\">\n<blockquote cite=\"https:\/\/www.facebook.com\/ulifreese\/posts\/1018348014843129\">\n<p>Die BPA-Gruppe aus meinem Wahlkreis macht jetzt Station in der SPD Parteizentrale<\/p>\n<p>Posted by <a href=\"https:\/\/www.facebook.com\/ulifreese\">Uli Freese<\/a> on&nbsp;<a href=\"https:\/\/www.facebook.com\/ulifreese\/posts\/1018348014843129\">Donnerstag, 25. Juni 2015<\/a><\/p><\/blockquote>\n<\/div>\n<\/div>\n<p> Tag 2: <\/p>\n<div id=\"fb-root\"><\/div>\n<p><script>(function(d, s, id) {  var js, fjs = d.getElementsByTagName(s)[0];  if (d.getElementById(id)) return;  js = d.createElement(s); js.id = id;  js.src = \"\/\/connect.facebook.net\/de_DE\/sdk.js#xfbml=1&version=v2.3\";  fjs.parentNode.insertBefore(js, fjs);}(document, 'script', 'facebook-jssdk'));<\/script><\/p>\n<div class=\"fb-post\" data-href=\"https:\/\/www.facebook.com\/ulifreese\/posts\/1018822314795699\" data-width=\"686\">\n<div class=\"fb-xfbml-parse-ignore\">\n<blockquote cite=\"https:\/\/www.facebook.com\/ulifreese\/posts\/1018822314795699\">\n<p>Meine Besuchergruppe, die organisiert und finanziert vom Bundespresseamt f&#xfc;r zwei Tage in Berlin eine interessante&#8230;<\/p>\n<p>Posted by <a href=\"https:\/\/www.facebook.com\/ulifreese\">Uli Freese<\/a> on&nbsp;<a href=\"https:\/\/www.facebook.com\/ulifreese\/posts\/1018822314795699\">Freitag, 26. Juni 2015<\/a><\/p><\/blockquote>\n<\/div>\n<\/div>\n","protected":false},"excerpt":{"rendered":"<p>50 politisch interessierte B\u00fcrgerinnen und B\u00fcrger besuchten mit dem Bundespresseamt in der vergangenen Woche die Hauptstadt.&nbsp;Auf dem Programm standen neben einem Reichstags-Besuch bei mir als heimischen Abgeordneten auch die SPD-Parteizentrale, das Bundeskanzleramt und Gedenkst\u00e4tten zum NS-Terror und der Mauergeschichte. In Diskussionsrunden wurden besonders Themen der Energiepolitik aber auch aktuelles wie die Griechenland-Hilfe innerhalb der Gruppe [&hellip;]<\/p>\n","protected":false},"author":1,"featured_media":891,"comment_status":"closed","ping_status":"open","sticky":false,"template":"","format":"standard","meta":[],"categories":[3],"tags":[],"_links":{"self":[{"href":"https:\/\/uli-freese.de\/neu\/wp-json\/wp\/v2\/posts\/892"}],"collection":[{"href":"https:\/\/uli-freese.de\/neu\/wp-json\/wp\/v2\/posts"}],"about":[{"href":"https:\/\/uli-freese.de\/neu\/wp-json\/wp\/v2\/types\/post"}],"author":[{"embeddable":true,"href":"https:\/\/uli-freese.de\/neu\/wp-json\/wp\/v2\/users\/1"}],"replies":[{"embeddable":true,"href":"https:\/\/uli-freese.de\/neu\/wp-json\/wp\/v2\/comments?post=892"}],"version-history":[{"count":1,"href":"https:\/\/uli-freese.de\/neu\/wp-json\/wp\/v2\/posts\/892\/revisions"}],"predecessor-version":[{"id":2087,"href":"https:\/\/uli-freese.de\/neu\/wp-json\/wp\/v2\/posts\/892\/revisions\/2087"}],"wp:featuredmedia":[{"embeddable":true,"href":"https:\/\/uli-freese.de\/neu\/wp-json\/wp\/v2\/media\/891"}],"wp:attachment":[{"href":"https:\/\/uli-freese.de\/neu\/wp-json\/wp\/v2\/media?parent=892"}],"wp:term":[{"taxonomy":"category","embeddable":true,"href":"https:\/\/uli-freese.de\/neu\/wp-json\/wp\/v2\/categories?post=892"},{"taxonomy":"post_tag","embeddable":true,"href":"https:\/\/uli-freese.de\/neu\/wp-json\/wp\/v2\/tags?post=892"}],"curies":[{"name":"wp","href":"https:\/\/api.w.org\/{rel}","templated":true}]}}