{"id":895,"date":"2015-06-30T14:02:36","date_gmt":"2015-06-30T12:02:36","guid":{"rendered":"http:\/\/uli-freese.de\/neu\/2015\/06\/30\/pm-6-monate-mindestlohn-bedeuten-180-tage-arbeitsmarktpolitischer-fortschritt\/"},"modified":"2018-01-22T16:06:40","modified_gmt":"2018-01-22T15:06:40","slug":"pm-6-monate-mindestlohn-bedeuten-180-tage-arbeitsmarktpolitischer-fortschritt","status":"publish","type":"post","link":"https:\/\/uli-freese.de\/neu\/2015\/06\/30\/pm-6-monate-mindestlohn-bedeuten-180-tage-arbeitsmarktpolitischer-fortschritt\/","title":{"rendered":"PM: 6 Monate Mindestlohn bedeuten 180 Tage arbeitsmarktpolitischer Fortschritt"},"content":{"rendered":"<h3><strong><img loading=\"lazy\" class=\" size-full wp-image-893\" title=\"MdB Ulrich Freese: Der Mindestlohn wirkt!\" src=\"http:\/\/uli-freese.de\/neu\/wp-content\/uploads\/2015\/06\/uli_freese_mit_rueckwand_mindestlohn_WIRKT.jpg\" alt=\"(Archiv\/Montage: MdB B\u00fcro Freese, Michael Heger \/ Foto: SPD Parteivorstand)\" width=\"686\" height=\"428\" srcset=\"https:\/\/uli-freese.de\/neu\/wp-content\/uploads\/2015\/06\/uli_freese_mit_rueckwand_mindestlohn_WIRKT.jpg 1000w, https:\/\/uli-freese.de\/neu\/wp-content\/uploads\/2015\/06\/uli_freese_mit_rueckwand_mindestlohn_WIRKT-300x187.jpg 300w, https:\/\/uli-freese.de\/neu\/wp-content\/uploads\/2015\/06\/uli_freese_mit_rueckwand_mindestlohn_WIRKT-768x479.jpg 768w\" sizes=\"(max-width: 686px) 100vw, 686px\" \/><\/strong><\/h3>\n<h3><strong>MdB Ulrich Freese (SPD) zieht positive Zwischenbilanz: \u201eDer Mindestlohn wirkt.\u201c<\/strong><\/h3>\n<p>Berlin\/Lausitz. Der Mindestlohn gilt seit sechs Monaten \u2013 und die Lohnuntergrenze von 8,50 Euro wirkt: Das Hoch auf dem Arbeitsmarkt h\u00e4lt weiter an. Der Umsatz im Einzelhandel ist gestiegen wie seit f\u00fcnf Jahren nicht mehr. Und die Zahl der Aufstocker ist seit Inkrafttreten des Mindestlohns um 45.000 gesunken.<br \/>\u201eDie erste Zwischenbilanz nach sechs Monaten Mindestlohn f\u00e4llt durchweg positiv aus. Der Mindestlohn wirkt&#8220;, erkl\u00e4rt Ulrich Freese, SPD-Bundestagsabgeordneter. Dass rund 3,7 Mio. Menschen jetzt mehr auf dem Gehaltszettel haben, macht sich auf dem Arbeitsmarkt positiv bemerkbar. \u201eWir haben deutschlandweit und auch bei uns in der Region die niedrigste Arbeitslosenquote seit 24 Jahren: In S\u00fcdbrandenburg ist sie im Juni von 8,9 auf 8,7 Prozent gesunken, es waren 778 Menschen weniger ohne Arbeit als noch im Mai.Es gab also keine Jobverluste \u2013 wie von den Mindestlohn-Kritikern erwartet wurde. Arbeitskr\u00e4fte werden weiterhin gesucht&#8220;, so Freese.<\/p>\n<p>Au\u00dferdem ist die Zahl derer, die trotz Job auf Hartz IV angewiesen sind, seit Anfang des Jahres laut der Bundesagentur f\u00fcr Arbeit um 45.000 zur\u00fcckgegangen. \u201eWenn weniger Menschen aufstocken m\u00fcssen, spart das allen Steuerzahlern viel Geld&#8220;, erkl\u00e4rt Freese. Auch der Einzelhandel profitiert seit der Einf\u00fchrung des Mindestlohns vom h\u00f6heren Lohn der Menschen: Der Umsatz ist laut dem Statistischen Bundesamt im Fr\u00fchjahr gestiegen wie seit f\u00fcnf Jahren nicht mehr. Auch die Taxibranche gab Entwarnung und erkl\u00e4rte, dass es zu keinen dramatischen Kundenr\u00fcckg\u00e4ngen im Tagesgesch\u00e4ft gekommen sei.<\/p>\n<p>\u201eIn meinen B\u00fcrgersprechstunden seit Einf\u00fchrung des Mindestlohns habe ich zahlreiche Gespr\u00e4che gef\u00fchrt, in den meisten F\u00e4llen wurde von einem sp\u00fcrbaren Plus im Geldbeutel berichtet, aber auch das ein oder andere Problem und vor allem der Erfindungsreichtum manches Arbeitgebers wurde mir zugetragen. F\u00fcr mich steht aber fest: 6 Monate Mindestlohn bedeuten 180 Tage arbeitsmarktpolitischen Fortschritt. Umso wichtiger ist es, dass wir weiter an einer korrekten Dokumentation und einer ordentlichen Kontrolle festhalten. Nur so k\u00f6nnen wir Schwarzarbeit, Schattenwirtschaft und Dumpingl\u00f6hne verhindern und daf\u00fcr sorgen, dass der Mindestlohn weiter positiv wirkt&#8220;, erkl\u00e4rt Freese, der in seinen Sprechstunden auch zum Thema Mindestlohn immer gerne als Ansprechpartner zur Verf\u00fcgung steht. Termine: uli-freese.de<\/p>\n<p>Diese Presseinfo steht auch <a href=\"http:\/\/uli-freese.de\/neu\/wp-content\/uploads\/2015\/06\/20150630-PM-Ulrich-Freese-MdB-6-Monate-Mindestlohn.pdf\" target=\"_blank\">als PDF-Datei<\/a> zur Verf\u00fcgung. (Update des Artikels am 1. Juli 2015 mit den Arbeitsmarktzahlen aus S\u00fcdbrandenburg)<\/p>\n","protected":false},"excerpt":{"rendered":"<p>MdB Ulrich Freese (SPD) zieht positive Zwischenbilanz: \u201eDer Mindestlohn wirkt.\u201c Berlin\/Lausitz. Der Mindestlohn gilt seit sechs Monaten \u2013 und die Lohnuntergrenze von 8,50 Euro wirkt: Das Hoch auf dem Arbeitsmarkt h\u00e4lt weiter an. Der Umsatz im Einzelhandel ist gestiegen wie seit f\u00fcnf Jahren nicht mehr. Und die Zahl der Aufstocker ist seit Inkrafttreten des Mindestlohns [&hellip;]<\/p>\n","protected":false},"author":1,"featured_media":893,"comment_status":"closed","ping_status":"open","sticky":false,"template":"","format":"standard","meta":[],"categories":[5],"tags":[],"_links":{"self":[{"href":"https:\/\/uli-freese.de\/neu\/wp-json\/wp\/v2\/posts\/895"}],"collection":[{"href":"https:\/\/uli-freese.de\/neu\/wp-json\/wp\/v2\/posts"}],"about":[{"href":"https:\/\/uli-freese.de\/neu\/wp-json\/wp\/v2\/types\/post"}],"author":[{"embeddable":true,"href":"https:\/\/uli-freese.de\/neu\/wp-json\/wp\/v2\/users\/1"}],"replies":[{"embeddable":true,"href":"https:\/\/uli-freese.de\/neu\/wp-json\/wp\/v2\/comments?post=895"}],"version-history":[{"count":1,"href":"https:\/\/uli-freese.de\/neu\/wp-json\/wp\/v2\/posts\/895\/revisions"}],"predecessor-version":[{"id":2086,"href":"https:\/\/uli-freese.de\/neu\/wp-json\/wp\/v2\/posts\/895\/revisions\/2086"}],"wp:featuredmedia":[{"embeddable":true,"href":"https:\/\/uli-freese.de\/neu\/wp-json\/wp\/v2\/media\/893"}],"wp:attachment":[{"href":"https:\/\/uli-freese.de\/neu\/wp-json\/wp\/v2\/media?parent=895"}],"wp:term":[{"taxonomy":"category","embeddable":true,"href":"https:\/\/uli-freese.de\/neu\/wp-json\/wp\/v2\/categories?post=895"},{"taxonomy":"post_tag","embeddable":true,"href":"https:\/\/uli-freese.de\/neu\/wp-json\/wp\/v2\/tags?post=895"}],"curies":[{"name":"wp","href":"https:\/\/api.w.org\/{rel}","templated":true}]}}