{"id":897,"date":"2015-06-26T12:57:00","date_gmt":"2015-06-26T10:57:00","guid":{"rendered":"http:\/\/uli-freese.de\/neu\/2015\/06\/26\/besuch-in-berlin-seniorenbeirat-guben-im-reichstag\/"},"modified":"2018-01-22T16:06:40","modified_gmt":"2018-01-22T15:06:40","slug":"besuch-in-berlin-seniorenbeirat-guben-im-reichstag","status":"publish","type":"post","link":"https:\/\/uli-freese.de\/neu\/2015\/06\/26\/besuch-in-berlin-seniorenbeirat-guben-im-reichstag\/","title":{"rendered":"Besuch in Berlin: Seniorenbeirat Guben im Reichstag"},"content":{"rendered":"<p><img loading=\"lazy\" class=\" alignright size-full wp-image-896\" style=\"float: right;\" title=\"Der Gubener Seniorenbeirat trifft sich vor dem Reichstagsbesuch zum Gruppenfoto\" src=\"http:\/\/uli-freese.de\/neu\/wp-content\/uploads\/2015\/06\/20150626_Berlin_BTG_Seniorenbeirat_1.JPG\" alt=\"(Foto: Bundestagsb\u00fcro U. Freese, Gottfried Schl\u00fcter)\" width=\"300\" height=\"200\" srcset=\"https:\/\/uli-freese.de\/neu\/wp-content\/uploads\/2015\/06\/20150626_Berlin_BTG_Seniorenbeirat_1.JPG 1000w, https:\/\/uli-freese.de\/neu\/wp-content\/uploads\/2015\/06\/20150626_Berlin_BTG_Seniorenbeirat_1-300x200.jpg 300w, https:\/\/uli-freese.de\/neu\/wp-content\/uploads\/2015\/06\/20150626_Berlin_BTG_Seniorenbeirat_1-768x512.jpg 768w\" sizes=\"(max-width: 300px) 100vw, 300px\" \/>Neben meiner aktuellen BPA-Gruppe aus dem Bereich des Cottbuser Wahlkreisb\u00fcros bekam mein Bundestagsb\u00fcro heute auch noch weiteren Wahlkreis-Besuch in Berlin. Leider konnte ich aus terminlichen Gr\u00fcnden die Gruppe nicht selbst in Empfang nehmen. Sie waren aber bei meinem ehemaligen Gubener B\u00fcrgerb\u00fcromitarbeiter und Vorsitzenden des Seniorenbeirats der Stadt Forst, Helmut Lie\u00df, sehr gut aufgehoben. Neben dem eher touristischen H\u00f6hepunkt Kuppebesuch gab es nat\u00fcrlich auch viele Informationen \u00fcber die Arbeit des Parlamentes beim Besuch des Plenarsaals.<\/p>\n","protected":false},"excerpt":{"rendered":"<p>Neben meiner aktuellen BPA-Gruppe aus dem Bereich des Cottbuser Wahlkreisb\u00fcros bekam mein Bundestagsb\u00fcro heute auch noch weiteren Wahlkreis-Besuch in Berlin. Leider konnte ich aus terminlichen Gr\u00fcnden die Gruppe nicht selbst in Empfang nehmen. Sie waren aber bei meinem ehemaligen Gubener B\u00fcrgerb\u00fcromitarbeiter und Vorsitzenden des Seniorenbeirats der Stadt Forst, Helmut Lie\u00df, sehr gut aufgehoben. Neben dem [&hellip;]<\/p>\n","protected":false},"author":1,"featured_media":896,"comment_status":"closed","ping_status":"open","sticky":false,"template":"","format":"standard","meta":[],"categories":[3],"tags":[],"_links":{"self":[{"href":"https:\/\/uli-freese.de\/neu\/wp-json\/wp\/v2\/posts\/897"}],"collection":[{"href":"https:\/\/uli-freese.de\/neu\/wp-json\/wp\/v2\/posts"}],"about":[{"href":"https:\/\/uli-freese.de\/neu\/wp-json\/wp\/v2\/types\/post"}],"author":[{"embeddable":true,"href":"https:\/\/uli-freese.de\/neu\/wp-json\/wp\/v2\/users\/1"}],"replies":[{"embeddable":true,"href":"https:\/\/uli-freese.de\/neu\/wp-json\/wp\/v2\/comments?post=897"}],"version-history":[{"count":1,"href":"https:\/\/uli-freese.de\/neu\/wp-json\/wp\/v2\/posts\/897\/revisions"}],"predecessor-version":[{"id":2088,"href":"https:\/\/uli-freese.de\/neu\/wp-json\/wp\/v2\/posts\/897\/revisions\/2088"}],"wp:featuredmedia":[{"embeddable":true,"href":"https:\/\/uli-freese.de\/neu\/wp-json\/wp\/v2\/media\/896"}],"wp:attachment":[{"href":"https:\/\/uli-freese.de\/neu\/wp-json\/wp\/v2\/media?parent=897"}],"wp:term":[{"taxonomy":"category","embeddable":true,"href":"https:\/\/uli-freese.de\/neu\/wp-json\/wp\/v2\/categories?post=897"},{"taxonomy":"post_tag","embeddable":true,"href":"https:\/\/uli-freese.de\/neu\/wp-json\/wp\/v2\/tags?post=897"}],"curies":[{"name":"wp","href":"https:\/\/api.w.org\/{rel}","templated":true}]}}