{"id":899,"date":"2015-07-02T12:23:42","date_gmt":"2015-07-02T10:23:42","guid":{"rendered":"http:\/\/uli-freese.de\/neu\/2015\/07\/02\/gesetzentwurf-zur-neubestimmung-des-bleiberechts-und-der-aufenthaltsbeendigung\/"},"modified":"2018-01-22T16:06:40","modified_gmt":"2018-01-22T15:06:40","slug":"gesetzentwurf-zur-neubestimmung-des-bleiberechts-und-der-aufenthaltsbeendigung","status":"publish","type":"post","link":"https:\/\/uli-freese.de\/neu\/2015\/07\/02\/gesetzentwurf-zur-neubestimmung-des-bleiberechts-und-der-aufenthaltsbeendigung\/","title":{"rendered":"Gesetzentwurf zur Neubestimmung des Bleiberechts und der Aufenthaltsbeendigung"},"content":{"rendered":"<p><img loading=\"lazy\" class=\" alignright size-full wp-image-246\" style=\"float: right;\" src=\"http:\/\/uli-freese.de\/neu\/wp-content\/uploads\/2014\/02\/Plenum1.JPG\" alt=\"Plenum1\" width=\"300\" height=\"317\" \/>Am heutigen 2. Juli ber\u00e4t der Deutsche Bundestag den Gesetzentwurf zur Neubestimmung des Bleiberechts und der Aufenthaltsbeendigung&nbsp;in 2.\/3. Lesung.&nbsp;Ab ca. 18.30 Uhr (live auf <a href=\"http:\/\/www.bundestag.de\">www.bundestag.de<\/a>) befassen wir Abgeordneten uns abschlie\u00dfend mit dem von der Bundesregierung eingebrachten Gesetzentwurf (mehr zu den Entw\u00fcrfen auf bundestag.de:&nbsp;<a title=\"Die PDF-Datei Drucksache 18\/4097 \u00f6ffnet sich in einem neuen Fenster\" href=\"http:\/\/dip.bundestag.de\/btd\/18\/040\/1804097.pdf\" target=\"_blank\">18\/4097<\/a>,&nbsp;<a title=\"Die PDF-Datei Drucksache 18\/4199 \u00f6ffnet sich in einem neuen Fenster\" href=\"http:\/\/dip.bundestag.de\/btd\/18\/041\/1804199.pdf\" target=\"_blank\">18\/4199<\/a>).&nbsp;<\/p>\n<p>Damit&nbsp;setzen wir wichtige humanit\u00e4re Vorhaben aus dem SPD-Regierungsprogramm und&nbsp;dem Koalitionsvertrag um. Vor allem schaffen wir endlich ein stichtagsunabh\u00e4ngiges&nbsp;Bleiberecht f\u00fcr langj\u00e4hrig Geduldete bei nachhaltiger Integration \u2013 ein Ziel, das wir&nbsp;seit Beginn der Verhandlungen zum Zuwanderungsgesetz vor \u00fcber einem Jahrzehnt kontinuierlich verfolgt haben.&nbsp;<\/p>\n<p>Ausf\u00fchrliche Informationen gibt es im <a href=\"http:\/\/uli-freese.de\/neu\/wp-content\/uploads\/2015\/07\/20150623__bleiberecht_SPD_Fraktion.pdf\" target=\"_blank\">Kompakt-Info &#8222;Asyl- und Fl\u00fcchtlingspolitik &#8211; Gemeinsam Verantwortung tragen&#8220;<\/a> (PDF) der SPD Bundestagsfraktion.<\/p>\n","protected":false},"excerpt":{"rendered":"<p>Am heutigen 2. Juli ber\u00e4t der Deutsche Bundestag den Gesetzentwurf zur Neubestimmung des Bleiberechts und der Aufenthaltsbeendigung&nbsp;in 2.\/3. Lesung.&nbsp;Ab ca. 18.30 Uhr (live auf www.bundestag.de) befassen wir Abgeordneten uns abschlie\u00dfend mit dem von der Bundesregierung eingebrachten Gesetzentwurf (mehr zu den Entw\u00fcrfen auf bundestag.de:&nbsp;18\/4097,&nbsp;18\/4199).&nbsp; Damit&nbsp;setzen wir wichtige humanit\u00e4re Vorhaben aus dem SPD-Regierungsprogramm und&nbsp;dem Koalitionsvertrag um. Vor [&hellip;]<\/p>\n","protected":false},"author":1,"featured_media":246,"comment_status":"closed","ping_status":"open","sticky":false,"template":"","format":"standard","meta":[],"categories":[3],"tags":[],"_links":{"self":[{"href":"https:\/\/uli-freese.de\/neu\/wp-json\/wp\/v2\/posts\/899"}],"collection":[{"href":"https:\/\/uli-freese.de\/neu\/wp-json\/wp\/v2\/posts"}],"about":[{"href":"https:\/\/uli-freese.de\/neu\/wp-json\/wp\/v2\/types\/post"}],"author":[{"embeddable":true,"href":"https:\/\/uli-freese.de\/neu\/wp-json\/wp\/v2\/users\/1"}],"replies":[{"embeddable":true,"href":"https:\/\/uli-freese.de\/neu\/wp-json\/wp\/v2\/comments?post=899"}],"version-history":[{"count":1,"href":"https:\/\/uli-freese.de\/neu\/wp-json\/wp\/v2\/posts\/899\/revisions"}],"predecessor-version":[{"id":2085,"href":"https:\/\/uli-freese.de\/neu\/wp-json\/wp\/v2\/posts\/899\/revisions\/2085"}],"wp:featuredmedia":[{"embeddable":true,"href":"https:\/\/uli-freese.de\/neu\/wp-json\/wp\/v2\/media\/246"}],"wp:attachment":[{"href":"https:\/\/uli-freese.de\/neu\/wp-json\/wp\/v2\/media?parent=899"}],"wp:term":[{"taxonomy":"category","embeddable":true,"href":"https:\/\/uli-freese.de\/neu\/wp-json\/wp\/v2\/categories?post=899"},{"taxonomy":"post_tag","embeddable":true,"href":"https:\/\/uli-freese.de\/neu\/wp-json\/wp\/v2\/tags?post=899"}],"curies":[{"name":"wp","href":"https:\/\/api.w.org\/{rel}","templated":true}]}}