{"id":902,"date":"2015-07-02T13:00:11","date_gmt":"2015-07-02T11:00:11","guid":{"rendered":"http:\/\/uli-freese.de\/neu\/2015\/07\/02\/pm-gute-bezahlung-und-faire-arbeitsbedingungen-auch-bei-der-post\/"},"modified":"2018-01-22T16:06:40","modified_gmt":"2018-01-22T15:06:40","slug":"pm-gute-bezahlung-und-faire-arbeitsbedingungen-auch-bei-der-post","status":"publish","type":"post","link":"https:\/\/uli-freese.de\/neu\/2015\/07\/02\/pm-gute-bezahlung-und-faire-arbeitsbedingungen-auch-bei-der-post\/","title":{"rendered":"PM: Gute Bezahlung und faire Arbeitsbedingungen auch bei der Post!"},"content":{"rendered":"<h3><strong><img loading=\"lazy\" class=\" alignright size-full wp-image-900\" style=\"float: right;\" src=\"http:\/\/uli-freese.de\/neu\/wp-content\/uploads\/2015\/07\/uli_freese_buero_spb1.jpg\" alt=\"Archiv-Foto: B\u00fcrgerb\u00fcro Spremberg U. Freese, Dirk S\u00fc\u00dfmilch\" width=\"300\" height=\"300\" srcset=\"https:\/\/uli-freese.de\/neu\/wp-content\/uploads\/2015\/07\/uli_freese_buero_spb1.jpg 500w, https:\/\/uli-freese.de\/neu\/wp-content\/uploads\/2015\/07\/uli_freese_buero_spb1-150x150.jpg 150w, https:\/\/uli-freese.de\/neu\/wp-content\/uploads\/2015\/07\/uli_freese_buero_spb1-300x300.jpg 300w, https:\/\/uli-freese.de\/neu\/wp-content\/uploads\/2015\/07\/uli_freese_buero_spb1-100x100.jpg 100w\" sizes=\"(max-width: 300px) 100vw, 300px\" \/>MdB Freese steht bei Protestkundgebung in Cottbus auf der Seite der Post-Besch\u00e4ftigten<\/strong><\/h3>\n<p>Vor der morgigen Demonstration und Kundgebung der streikenden Besch\u00e4ftigten der Deutschen Post AG aus S\u00fcdbrandenburg, die am Vormittag in Cottbus gegen die Verschlechterung ihrer Arbeitsbedingungen und f\u00fcr einen h\u00f6heren Lohn auf die Stra\u00dfe gehen, erkl\u00e4rt der Lausitzer Bundestagsabgeordnete Ulrich Freese (SPD):&nbsp;<\/p>\n<p><strong>Ich stehe an der Seite der Besch\u00e4ftigten und halte den Umgang mit den Besch\u00e4ftigten durch die Post f\u00fcr falsch.<\/strong><\/p>\n<p>Alle Unternehmen, die im Bereich von Brief- und Paketdienstleistungen t\u00e4tig sind, sollten gemeinsam mit der Post AG einen Arbeitgeberverband bilden, um Tarifvertr\u00e4ge mit der zust\u00e4ndigen Gewerkschaft VERDI im Interesse der Arbeitnehmerinnen und Arbeitnehmer unter dem Stichwort \u201eGute Bezahlung und faire Arbeitsbedingungen\u201c abzuschlie\u00dfen.<\/p>\n<p>Der ruin\u00f6se Wettbewerb auf dem R\u00fccken und zu Lasten der Arbeitnehmer-\/innen in diesem Sektor muss endlich ein Ende haben.<\/p>\n<p>Wettbewerb darf nicht \u00fcber L\u00f6hne und Arbeitsbedingungen sondern nur \u00fcber Qualit\u00e4t, Service und Produktivit\u00e4t mit zufriedenen Arbeitnehmern stattfinden.<\/p>\n<p>Dies war und wird der Schl\u00fcssel f\u00fcr wirtschaftlichen Erfolg sein.<\/p>\n<p>&nbsp;<\/p>\n<p><em>Diese Pressemitteilung steht auch <a href=\"http:\/\/uli-freese.de\/neu\/wp-content\/uploads\/2015\/07\/20150703-PM-MdB-Ulrich-Freese-Statement-zur-Kundgebung-der-Postbeschftigten-in-CB.pdf\" target=\"_blank\">als PDF-Datei<\/a> zur Verf\u00fcgung<\/em><\/p>\n","protected":false},"excerpt":{"rendered":"<p>MdB Freese steht bei Protestkundgebung in Cottbus auf der Seite der Post-Besch\u00e4ftigten Vor der morgigen Demonstration und Kundgebung der streikenden Besch\u00e4ftigten der Deutschen Post AG aus S\u00fcdbrandenburg, die am Vormittag in Cottbus gegen die Verschlechterung ihrer Arbeitsbedingungen und f\u00fcr einen h\u00f6heren Lohn auf die Stra\u00dfe gehen, erkl\u00e4rt der Lausitzer Bundestagsabgeordnete Ulrich Freese (SPD):&nbsp; Ich stehe [&hellip;]<\/p>\n","protected":false},"author":1,"featured_media":900,"comment_status":"closed","ping_status":"open","sticky":false,"template":"","format":"standard","meta":[],"categories":[5],"tags":[],"_links":{"self":[{"href":"https:\/\/uli-freese.de\/neu\/wp-json\/wp\/v2\/posts\/902"}],"collection":[{"href":"https:\/\/uli-freese.de\/neu\/wp-json\/wp\/v2\/posts"}],"about":[{"href":"https:\/\/uli-freese.de\/neu\/wp-json\/wp\/v2\/types\/post"}],"author":[{"embeddable":true,"href":"https:\/\/uli-freese.de\/neu\/wp-json\/wp\/v2\/users\/1"}],"replies":[{"embeddable":true,"href":"https:\/\/uli-freese.de\/neu\/wp-json\/wp\/v2\/comments?post=902"}],"version-history":[{"count":1,"href":"https:\/\/uli-freese.de\/neu\/wp-json\/wp\/v2\/posts\/902\/revisions"}],"predecessor-version":[{"id":2084,"href":"https:\/\/uli-freese.de\/neu\/wp-json\/wp\/v2\/posts\/902\/revisions\/2084"}],"wp:featuredmedia":[{"embeddable":true,"href":"https:\/\/uli-freese.de\/neu\/wp-json\/wp\/v2\/media\/900"}],"wp:attachment":[{"href":"https:\/\/uli-freese.de\/neu\/wp-json\/wp\/v2\/media?parent=902"}],"wp:term":[{"taxonomy":"category","embeddable":true,"href":"https:\/\/uli-freese.de\/neu\/wp-json\/wp\/v2\/categories?post=902"},{"taxonomy":"post_tag","embeddable":true,"href":"https:\/\/uli-freese.de\/neu\/wp-json\/wp\/v2\/tags?post=902"}],"curies":[{"name":"wp","href":"https:\/\/api.w.org\/{rel}","templated":true}]}}