{"id":910,"date":"2015-07-06T10:41:42","date_gmt":"2015-07-06T08:41:42","guid":{"rendered":"http:\/\/uli-freese.de\/neu\/2015\/07\/06\/positionspapier-der-spd-spn-zu-einem-landkreis-niederlausitz-mit-buergernaher-verwaltung\/"},"modified":"2018-01-22T16:06:40","modified_gmt":"2018-01-22T15:06:40","slug":"positionspapier-der-spd-spn-zu-einem-landkreis-niederlausitz-mit-buergernaher-verwaltung","status":"publish","type":"post","link":"https:\/\/uli-freese.de\/neu\/2015\/07\/06\/positionspapier-der-spd-spn-zu-einem-landkreis-niederlausitz-mit-buergernaher-verwaltung\/","title":{"rendered":"&#8222;Landkreis Niederlausitz&#8220; mit b\u00fcrgernaher Verwaltung: Positionspapier der SPD SPN zur Gebietsreform"},"content":{"rendered":"<p><img loading=\"lazy\" class=\" size-full wp-image-906\" title=\"Pressekonferenz zum Positionspapier der SPD Spree-Nei\u00dfe mit Andreas Petzold und Ulrich Freese\" src=\"http:\/\/uli-freese.de\/neu\/wp-content\/uploads\/2015\/07\/20150706_CB_SPD_SPN_PK_1.jpg\" alt=\"(Foto: SPD Spree-Nei\u00dfe)\" width=\"686\" height=\"386\" srcset=\"https:\/\/uli-freese.de\/neu\/wp-content\/uploads\/2015\/07\/20150706_CB_SPD_SPN_PK_1.jpg 1000w, https:\/\/uli-freese.de\/neu\/wp-content\/uploads\/2015\/07\/20150706_CB_SPD_SPN_PK_1-300x169.jpg 300w, https:\/\/uli-freese.de\/neu\/wp-content\/uploads\/2015\/07\/20150706_CB_SPD_SPN_PK_1-768x432.jpg 768w\" sizes=\"(max-width: 686px) 100vw, 686px\" \/><\/p>\n<p>Der SPD Unterbezirksvorstand Spree-Nei\u00dfe hat sich in seiner letzten Sitzung intensiv mit dem Leitbild zur Verwaltungsstrukturreform 2019 besch\u00e4ftigt und dabei ein Positionspapier erarbeitet, das wir im Rahmen eines Pressegespr\u00e4ches heute vorgestellt haben.<\/p>\n<p><img loading=\"lazy\" class=\" alignright size-full wp-image-907\" style=\"float: right;\" title=\"Ulrich Freese im Radio Cottbus-Interview zum Positionspapier\" src=\"http:\/\/uli-freese.de\/neu\/wp-content\/uploads\/2015\/07\/20150706_CB_SPD_SPN_PK_2.jpg\" alt=\"(Foto: SPD SPN)\" width=\"300\" height=\"169\" srcset=\"https:\/\/uli-freese.de\/neu\/wp-content\/uploads\/2015\/07\/20150706_CB_SPD_SPN_PK_2.jpg 1000w, https:\/\/uli-freese.de\/neu\/wp-content\/uploads\/2015\/07\/20150706_CB_SPD_SPN_PK_2-300x169.jpg 300w, https:\/\/uli-freese.de\/neu\/wp-content\/uploads\/2015\/07\/20150706_CB_SPD_SPN_PK_2-768x432.jpg 768w\" sizes=\"(max-width: 300px) 100vw, 300px\" \/>Gemeinsam mit dem Vorsitzenden der SPD Kreistagsfraktion Andreas Petzold stand ich heute als UB-Vorsitzender am Vormittag Print- und H\u00f6rfunkjournalisten Rede und Antwort, und wir haben unseren Vorschlag einer m\u00f6glichen neuen Gebietsk\u00f6rperschaft SPN-OSL-CB mit einem m\u00f6glichen Kreissitz im Oberzentrum Cottbus, also einen \u201eLandkreis Niederlausitz\u201c diskutiert.<\/p>\n<p>Der Leitbildentwurf des Innenministers beinhaltet mehr Chancen als Risiken f\u00fcr unsere Region. Ein denkbarer \u201eLandkreis Niederlausitz\u201c, bestehend aus dem Oberzentrum Cottbus und den jetzigen Landkreisen Spree-Nei\u00dfe und Oberspreewald Lausitz, wird daher von den Sozialdemokraten des Spree-Nei\u00dfe Kreises favorisiert. &nbsp;Aus unserer Sicht ist das <img loading=\"lazy\" class=\" alignright size-full wp-image-908\" style=\"float: right;\" src=\"http:\/\/uli-freese.de\/neu\/wp-content\/uploads\/2015\/07\/20150706_Positionspapier_Thumb.jpg\" alt=\"Positionspapier\" width=\"100\" height=\"144\" srcset=\"https:\/\/uli-freese.de\/neu\/wp-content\/uploads\/2015\/07\/20150706_Positionspapier_Thumb.jpg 686w, https:\/\/uli-freese.de\/neu\/wp-content\/uploads\/2015\/07\/20150706_Positionspapier_Thumb-209x300.jpg 209w\" sizes=\"(max-width: 100px) 100vw, 100px\" \/>Oberzentrum Cottbus dabei als gro\u00dfe Kreisstadt, mit einem Oberb\u00fcrgermeister, pr\u00e4destiniert. Dies bedeutet jedoch nicht, dass die bisherigen Kreisverwaltungssitze \u00fcberfl\u00fcssig sind, sondern sie werden, unter dem Gesichtspunkt einer b\u00fcrgernahen Verwaltung schon deshalb gebraucht, weil 22 Landesaufgaben auf die Landkreise abgegeben werden.<\/p>\n<p>Das komplette Positionspapier der SPD Spree-Nei\u00dfe k\u00f6nnen Sie <a href=\"http:\/\/uli-freese.de\/neu\/wp-content\/uploads\/2015\/07\/Positionspapier-des-SPD-Unterbezirks-Spree-Verwaltungsstrukturreform-Endfassung.pdf\" target=\"_blank\">hier als PDF-Datei auf Ihren PC herunterladen<\/a>.&nbsp;<\/p>\n","protected":false},"excerpt":{"rendered":"<p>Der SPD Unterbezirksvorstand Spree-Nei\u00dfe hat sich in seiner letzten Sitzung intensiv mit dem Leitbild zur Verwaltungsstrukturreform 2019 besch\u00e4ftigt und dabei ein Positionspapier erarbeitet, das wir im Rahmen eines Pressegespr\u00e4ches heute vorgestellt haben. Gemeinsam mit dem Vorsitzenden der SPD Kreistagsfraktion Andreas Petzold stand ich heute als UB-Vorsitzender am Vormittag Print- und H\u00f6rfunkjournalisten Rede und Antwort, und [&hellip;]<\/p>\n","protected":false},"author":1,"featured_media":906,"comment_status":"closed","ping_status":"open","sticky":false,"template":"","format":"standard","meta":[],"categories":[3],"tags":[],"_links":{"self":[{"href":"https:\/\/uli-freese.de\/neu\/wp-json\/wp\/v2\/posts\/910"}],"collection":[{"href":"https:\/\/uli-freese.de\/neu\/wp-json\/wp\/v2\/posts"}],"about":[{"href":"https:\/\/uli-freese.de\/neu\/wp-json\/wp\/v2\/types\/post"}],"author":[{"embeddable":true,"href":"https:\/\/uli-freese.de\/neu\/wp-json\/wp\/v2\/users\/1"}],"replies":[{"embeddable":true,"href":"https:\/\/uli-freese.de\/neu\/wp-json\/wp\/v2\/comments?post=910"}],"version-history":[{"count":1,"href":"https:\/\/uli-freese.de\/neu\/wp-json\/wp\/v2\/posts\/910\/revisions"}],"predecessor-version":[{"id":2080,"href":"https:\/\/uli-freese.de\/neu\/wp-json\/wp\/v2\/posts\/910\/revisions\/2080"}],"wp:featuredmedia":[{"embeddable":true,"href":"https:\/\/uli-freese.de\/neu\/wp-json\/wp\/v2\/media\/906"}],"wp:attachment":[{"href":"https:\/\/uli-freese.de\/neu\/wp-json\/wp\/v2\/media?parent=910"}],"wp:term":[{"taxonomy":"category","embeddable":true,"href":"https:\/\/uli-freese.de\/neu\/wp-json\/wp\/v2\/categories?post=910"},{"taxonomy":"post_tag","embeddable":true,"href":"https:\/\/uli-freese.de\/neu\/wp-json\/wp\/v2\/tags?post=910"}],"curies":[{"name":"wp","href":"https:\/\/api.w.org\/{rel}","templated":true}]}}