{"id":912,"date":"2015-07-04T12:38:30","date_gmt":"2015-07-04T10:38:30","guid":{"rendered":"http:\/\/uli-freese.de\/neu\/2015\/07\/04\/gesagt-getan-gerecht-eine-zwischenbilanz\/"},"modified":"2018-01-22T16:06:40","modified_gmt":"2018-01-22T15:06:40","slug":"gesagt-getan-gerecht-eine-zwischenbilanz","status":"publish","type":"post","link":"https:\/\/uli-freese.de\/neu\/2015\/07\/04\/gesagt-getan-gerecht-eine-zwischenbilanz\/","title":{"rendered":"Gesagt. Getan. Gerecht. Eine Zwischenbilanz."},"content":{"rendered":"<p><img loading=\"lazy\" class=\" size-full wp-image-911\" title=\"Eine Zwischenbilanz auf www.spdfraktion.de\/themen\/gesagt-getan-gerecht-2\" src=\"http:\/\/uli-freese.de\/neu\/wp-content\/uploads\/2015\/07\/20150704_Gesagt_Getan_Gerecht_header.png\" alt=\"(Foto: SPD Bundestagsfraktion)\" width=\"686\" height=\"254\" srcset=\"https:\/\/uli-freese.de\/neu\/wp-content\/uploads\/2015\/07\/20150704_Gesagt_Getan_Gerecht_header.png 851w, https:\/\/uli-freese.de\/neu\/wp-content\/uploads\/2015\/07\/20150704_Gesagt_Getan_Gerecht_header-300x111.png 300w, https:\/\/uli-freese.de\/neu\/wp-content\/uploads\/2015\/07\/20150704_Gesagt_Getan_Gerecht_header-768x284.png 768w\" sizes=\"(max-width: 686px) 100vw, 686px\" \/><\/p>\n<p>Viele Verbesserungen, f\u00fcr die ich gemeinsam mit meinen Kolleginnen und Kollegen der&nbsp;<a href=\"https:\/\/www.facebook.com\/spdbundestagsfraktion\" data-hovercard=\"\/ajax\/hovercard\/page.php?id=144380008933707\">SPD-Bundestagsfraktion<\/a>&nbsp;lange gek\u00e4mpft habe, werden im Alltag der Menschen sp\u00fcrbar. Ohne die SPD w\u00e4ren diese Fortschritte nicht denkbar gewesen. P\u00fcnktlich zur Sommerpause f\u00fcr uns also Zeit f\u00fcr eine Zwischenbilanz:&nbsp;<a href=\"http:\/\/www.spdfraktion.de\/themen\/gesagt-getan-gerecht-2\">www.spdfraktion.de<\/a><a href=\"http:\/\/l.facebook.com\/l.php?u=http%3A%2F%2Fwww.spdfraktion.de%2Fthemen%2Fgesagt-getan-gerecht-2&amp;h=JAQF6byA0&amp;enc=AZNGW7h1Qb2ujdGt8CBmUvNinIHzDWcjykMxo30Xj-sPa_9JQr-qtcLJjTB6nmBYhI66KmRDHEiULVKpk0ArCqxrtXiCWpQMNG_9jkdULuTpzuS1KC5LryYJZbRqGlGZHkPoUReEAg48_TzgBqbHS2sS-8uZTb5ecau4SQwDhdk3TNAi6qzy7ivE7CbmEokKVlrRSoYs7phh06QAuQgcofWN&amp;s=1\" rel=\"nofollow\" target=\"_blank\"><br \/><\/a><\/p>\n<p>Oder ganz modern als Hashtag-Bilanz: \u202a#\u200eMindestlohn\u202c \u202a#\u200eFrauenquote\u202c\u202a#\u200eElterngeldPlus\u202c \u202a#\u200eBAf\u00f6G\u202c \u202a#\u200eKindergeld\u202c \u202a#\u200eKitapl\u00e4tze\u202c \u202a#\u200eRentenreform\u202c \u202a#\u200ePflege\u202c\u202a#\u200eMietpreisbremse\u202c \u202a#\u200eDoppelpass\u202c \u202a#\u200eEnergiewende\u202c \u202a#\u200eHaushalt\u202c\u202a#\u200eMilliardeninvestitionen\u202c \u202a#\u200eBildung\u202c \u202a#\u200eForschung\u202c \u202a#\u200eKlimaschutz\u202c, \u202a#\u200eSt\u00e4dtebau\u202c\u202a#\u200eInfrastruktur\u202c \u202a#\u200eMilliardenentlastung\u202c \u202a#\u200eKommunen\u202c<br \/><a href=\"https:\/\/www.facebook.com\/hashtag\/kommunen?source=feed_text&amp;story_id=1022521961092401\" data-ft=\"{&quot;tn&quot;:&quot;*N&quot;,&quot;type&quot;:104}\"><\/a><\/p>\n","protected":false},"excerpt":{"rendered":"<p>Viele Verbesserungen, f\u00fcr die ich gemeinsam mit meinen Kolleginnen und Kollegen der&nbsp;SPD-Bundestagsfraktion&nbsp;lange gek\u00e4mpft habe, werden im Alltag der Menschen sp\u00fcrbar. Ohne die SPD w\u00e4ren diese Fortschritte nicht denkbar gewesen. P\u00fcnktlich zur Sommerpause f\u00fcr uns also Zeit f\u00fcr eine Zwischenbilanz:&nbsp;www.spdfraktion.de Oder ganz modern als Hashtag-Bilanz: \u202a#\u200eMindestlohn\u202c \u202a#\u200eFrauenquote\u202c\u202a#\u200eElterngeldPlus\u202c \u202a#\u200eBAf\u00f6G\u202c \u202a#\u200eKindergeld\u202c \u202a#\u200eKitapl\u00e4tze\u202c \u202a#\u200eRentenreform\u202c \u202a#\u200ePflege\u202c\u202a#\u200eMietpreisbremse\u202c \u202a#\u200eDoppelpass\u202c \u202a#\u200eEnergiewende\u202c \u202a#\u200eHaushalt\u202c\u202a#\u200eMilliardeninvestitionen\u202c \u202a#\u200eBildung\u202c [&hellip;]<\/p>\n","protected":false},"author":1,"featured_media":911,"comment_status":"closed","ping_status":"open","sticky":false,"template":"","format":"standard","meta":[],"categories":[3],"tags":[],"_links":{"self":[{"href":"https:\/\/uli-freese.de\/neu\/wp-json\/wp\/v2\/posts\/912"}],"collection":[{"href":"https:\/\/uli-freese.de\/neu\/wp-json\/wp\/v2\/posts"}],"about":[{"href":"https:\/\/uli-freese.de\/neu\/wp-json\/wp\/v2\/types\/post"}],"author":[{"embeddable":true,"href":"https:\/\/uli-freese.de\/neu\/wp-json\/wp\/v2\/users\/1"}],"replies":[{"embeddable":true,"href":"https:\/\/uli-freese.de\/neu\/wp-json\/wp\/v2\/comments?post=912"}],"version-history":[{"count":1,"href":"https:\/\/uli-freese.de\/neu\/wp-json\/wp\/v2\/posts\/912\/revisions"}],"predecessor-version":[{"id":2082,"href":"https:\/\/uli-freese.de\/neu\/wp-json\/wp\/v2\/posts\/912\/revisions\/2082"}],"wp:featuredmedia":[{"embeddable":true,"href":"https:\/\/uli-freese.de\/neu\/wp-json\/wp\/v2\/media\/911"}],"wp:attachment":[{"href":"https:\/\/uli-freese.de\/neu\/wp-json\/wp\/v2\/media?parent=912"}],"wp:term":[{"taxonomy":"category","embeddable":true,"href":"https:\/\/uli-freese.de\/neu\/wp-json\/wp\/v2\/categories?post=912"},{"taxonomy":"post_tag","embeddable":true,"href":"https:\/\/uli-freese.de\/neu\/wp-json\/wp\/v2\/tags?post=912"}],"curies":[{"name":"wp","href":"https:\/\/api.w.org\/{rel}","templated":true}]}}