{"id":915,"date":"2015-07-04T14:08:08","date_gmt":"2015-07-04T12:08:08","guid":{"rendered":"http:\/\/uli-freese.de\/neu\/2015\/07\/04\/lausitz-kirchentag-2015-wie-der-garten-eden\/"},"modified":"2018-01-22T16:06:40","modified_gmt":"2018-01-22T15:06:40","slug":"lausitz-kirchentag-2015-wie-der-garten-eden","status":"publish","type":"post","link":"https:\/\/uli-freese.de\/neu\/2015\/07\/04\/lausitz-kirchentag-2015-wie-der-garten-eden\/","title":{"rendered":"Lausitz-Kirchentag 2015: Wie der Garten Eden."},"content":{"rendered":"<p><img loading=\"lazy\" class=\" size-full wp-image-913\" title=\"Forum Ideen f\u00fcr die Braunkohleregion\" src=\"http:\/\/uli-freese.de\/neu\/wp-content\/uploads\/2015\/07\/20150704_Kirchentag_2.jpg\" alt=\"(Foto: B\u00fcrgerb\u00fcro MdB Freese, Michael Heger)\" width=\"686\" height=\"387\" srcset=\"https:\/\/uli-freese.de\/neu\/wp-content\/uploads\/2015\/07\/20150704_Kirchentag_2.jpg 1000w, https:\/\/uli-freese.de\/neu\/wp-content\/uploads\/2015\/07\/20150704_Kirchentag_2-300x169.jpg 300w, https:\/\/uli-freese.de\/neu\/wp-content\/uploads\/2015\/07\/20150704_Kirchentag_2-768x433.jpg 768w\" sizes=\"(max-width: 686px) 100vw, 686px\" \/><\/p>\n<p>Als Christ war ich heute aus \u00dcberzeugung und nicht nur als Politiker beim <a href=\"http:\/\/www.lausitz-kirchentag.de\" target=\"_blank\">Lausitz-Kirchentag<\/a>&nbsp;zum Er\u00f6ffnungsgottesdienst und sp\u00e4ter bei den St\u00e4nden im Puschkinpark und dem Forum &#8222;Ideen f\u00fcr die Braunkohleregion&#8220;.<\/p>\n<p><img loading=\"lazy\" class=\" alignright size-full wp-image-914\" style=\"float: right;\" title=\"Er\u00f6ffnungsgottesdienst des Lausitz-Kirchentags in der Stadthalle auf Deutsch, Polnisch, Wendisch und Englisch\" src=\"http:\/\/uli-freese.de\/neu\/wp-content\/uploads\/2015\/07\/20150704_Kirchentag_1.jpg\" alt=\"(Foto: B\u00fcrgerb\u00fcro MdB Freese, Michael Heger)\" width=\"300\" height=\"169\" srcset=\"https:\/\/uli-freese.de\/neu\/wp-content\/uploads\/2015\/07\/20150704_Kirchentag_1.jpg 1000w, https:\/\/uli-freese.de\/neu\/wp-content\/uploads\/2015\/07\/20150704_Kirchentag_1-300x169.jpg 300w, https:\/\/uli-freese.de\/neu\/wp-content\/uploads\/2015\/07\/20150704_Kirchentag_1-768x433.jpg 768w\" sizes=\"(max-width: 300px) 100vw, 300px\" \/>Die Gestaltung des Gottesdienstes, der teilweise auf Deutsch, Wendisch, Polnisch und Englisch gehalten wurde, entsprach der Vielfalt &#8211; im mehrfachen Sinne &#8211; der sich in den letzten 25 Jahren ver\u00e4nderten Lausitz.<\/p>\n<p>Die Themenvielfalt der Infost\u00e4nde, wie auch der einst\u00fcndigen Diskussion zum Thema Braunkohle zeigen den Spannungsbogen, der in der Evangelischen Kirche sp\u00fcrbar ist.&nbsp;<br \/>Bischof Dr. Dr\u00f6ge von der Landeskirche Berlin-Brandenburg-schlesische Oberlausitz stimme ich zu, wenn er sagt die Kirche hat keine Vorfestlegung zu treffen, sondern die unterschiedlichen Auffassungen und Meinungen zu akzeptieren, zu koordinieren und f\u00fcr einen Beitrag zum Konsens zu sorgen.<\/p>\n","protected":false},"excerpt":{"rendered":"<p>Als Christ war ich heute aus \u00dcberzeugung und nicht nur als Politiker beim Lausitz-Kirchentag&nbsp;zum Er\u00f6ffnungsgottesdienst und sp\u00e4ter bei den St\u00e4nden im Puschkinpark und dem Forum &#8222;Ideen f\u00fcr die Braunkohleregion&#8220;. Die Gestaltung des Gottesdienstes, der teilweise auf Deutsch, Wendisch, Polnisch und Englisch gehalten wurde, entsprach der Vielfalt &#8211; im mehrfachen Sinne &#8211; der sich in den [&hellip;]<\/p>\n","protected":false},"author":1,"featured_media":913,"comment_status":"closed","ping_status":"open","sticky":false,"template":"","format":"standard","meta":[],"categories":[3],"tags":[],"_links":{"self":[{"href":"https:\/\/uli-freese.de\/neu\/wp-json\/wp\/v2\/posts\/915"}],"collection":[{"href":"https:\/\/uli-freese.de\/neu\/wp-json\/wp\/v2\/posts"}],"about":[{"href":"https:\/\/uli-freese.de\/neu\/wp-json\/wp\/v2\/types\/post"}],"author":[{"embeddable":true,"href":"https:\/\/uli-freese.de\/neu\/wp-json\/wp\/v2\/users\/1"}],"replies":[{"embeddable":true,"href":"https:\/\/uli-freese.de\/neu\/wp-json\/wp\/v2\/comments?post=915"}],"version-history":[{"count":1,"href":"https:\/\/uli-freese.de\/neu\/wp-json\/wp\/v2\/posts\/915\/revisions"}],"predecessor-version":[{"id":2081,"href":"https:\/\/uli-freese.de\/neu\/wp-json\/wp\/v2\/posts\/915\/revisions\/2081"}],"wp:featuredmedia":[{"embeddable":true,"href":"https:\/\/uli-freese.de\/neu\/wp-json\/wp\/v2\/media\/913"}],"wp:attachment":[{"href":"https:\/\/uli-freese.de\/neu\/wp-json\/wp\/v2\/media?parent=915"}],"wp:term":[{"taxonomy":"category","embeddable":true,"href":"https:\/\/uli-freese.de\/neu\/wp-json\/wp\/v2\/categories?post=915"},{"taxonomy":"post_tag","embeddable":true,"href":"https:\/\/uli-freese.de\/neu\/wp-json\/wp\/v2\/tags?post=915"}],"curies":[{"name":"wp","href":"https:\/\/api.w.org\/{rel}","templated":true}]}}