{"id":923,"date":"2015-07-08T17:01:27","date_gmt":"2015-07-08T15:01:27","guid":{"rendered":"http:\/\/uli-freese.de\/neu\/2015\/07\/08\/sommergrillen-des-spd-ortsvereins-cottbus-nord\/"},"modified":"2018-01-22T16:06:40","modified_gmt":"2018-01-22T15:06:40","slug":"sommergrillen-des-spd-ortsvereins-cottbus-nord","status":"publish","type":"post","link":"https:\/\/uli-freese.de\/neu\/2015\/07\/08\/sommergrillen-des-spd-ortsvereins-cottbus-nord\/","title":{"rendered":"Sommergrillen des SPD Ortsvereins Cottbus-Nord"},"content":{"rendered":"<p><img loading=\"lazy\" class=\" size-full wp-image-920\" title=\"Verantwortung f\u00fcrs leibliche Wohl in guten H\u00e4nden bei Thomas Kornek vom OV Cottbus-Nord und Uli Freese\" src=\"http:\/\/uli-freese.de\/neu\/wp-content\/uploads\/2015\/07\/20150708_CB_SPD_Nord_Sommergrillen_1.jpg\" alt=\"(Foto: B\u00fcrgerb\u00fcro MdB Freese, Michael Heger)\" width=\"686\" height=\"386\" srcset=\"https:\/\/uli-freese.de\/neu\/wp-content\/uploads\/2015\/07\/20150708_CB_SPD_Nord_Sommergrillen_1.jpg 2048w, https:\/\/uli-freese.de\/neu\/wp-content\/uploads\/2015\/07\/20150708_CB_SPD_Nord_Sommergrillen_1-300x169.jpg 300w, https:\/\/uli-freese.de\/neu\/wp-content\/uploads\/2015\/07\/20150708_CB_SPD_Nord_Sommergrillen_1-768x432.jpg 768w, https:\/\/uli-freese.de\/neu\/wp-content\/uploads\/2015\/07\/20150708_CB_SPD_Nord_Sommergrillen_1-1024x576.jpg 1024w\" sizes=\"(max-width: 686px) 100vw, 686px\" \/><\/p>\n<p>Heute Abend war ich zu Gast beim Sommerfest der SPD Cottbus-Nord. Vielen Dank f\u00fcr dir Einladung und nette und interessante Gespr\u00e4che am heutigen Abend. Besonders gefreut hat mich, dass auch einige der Nachbarinnen und Nachbarn rund um den VfB Sportplatz der Einladung zu Bratwurst und kalten Getr\u00e4nken gefolgt sind um mit Mitgliedern des Stadtparlaments und mir als Bundestagsabgeordneten ins Gespr\u00e4ch zu kommen.&nbsp;<\/p>\n<p><img loading=\"lazy\" class=\" size-full wp-image-921\" title=\"Im Gespr\u00e4ch mit der Cottbuser B\u00fcrgermeisterin Marietta Tzschoppe, dem Cottbuser SPD-Ehrenvorsitzenden Werner Schaf, dem Vorsitzenden des OV Cottbus-Nord Gunnar Kurth, Unterbezirks-Vorstandsmitglied Matthias Dresch und einer Besucherin des Sommerfestes.\" src=\"http:\/\/uli-freese.de\/neu\/wp-content\/uploads\/2015\/07\/20150708_CB_SPD_Nord_Sommergrillen_3.jpg\" alt=\"(Foto: B\u00fcrgerb\u00fcro MdB Freese, Michael Heger)\" width=\"340\" height=\"191\" srcset=\"https:\/\/uli-freese.de\/neu\/wp-content\/uploads\/2015\/07\/20150708_CB_SPD_Nord_Sommergrillen_3.jpg 2048w, https:\/\/uli-freese.de\/neu\/wp-content\/uploads\/2015\/07\/20150708_CB_SPD_Nord_Sommergrillen_3-300x169.jpg 300w, https:\/\/uli-freese.de\/neu\/wp-content\/uploads\/2015\/07\/20150708_CB_SPD_Nord_Sommergrillen_3-768x432.jpg 768w, https:\/\/uli-freese.de\/neu\/wp-content\/uploads\/2015\/07\/20150708_CB_SPD_Nord_Sommergrillen_3-1024x576.jpg 1024w\" sizes=\"(max-width: 340px) 100vw, 340px\" \/><img loading=\"lazy\" class=\" size-full wp-image-922\" title=\"Gute Gespr\u00e4che bei Leckereien vom Grill und k\u00fchlen Getr\u00e4nken. Sch\u00f6n, dass auch einige B\u00fcrgerinnen und B\u00fcrger der Einladung gefolgt sind...\" src=\"http:\/\/uli-freese.de\/neu\/wp-content\/uploads\/2015\/07\/20150708_CB_SPD_Nord_Sommergrillen_2.jpg\" alt=\"(Foto: B\u00fcrgerb\u00fcro MdB Freese, Michael Heger)\" width=\"340\" height=\"191\" srcset=\"https:\/\/uli-freese.de\/neu\/wp-content\/uploads\/2015\/07\/20150708_CB_SPD_Nord_Sommergrillen_2.jpg 2048w, https:\/\/uli-freese.de\/neu\/wp-content\/uploads\/2015\/07\/20150708_CB_SPD_Nord_Sommergrillen_2-300x169.jpg 300w, https:\/\/uli-freese.de\/neu\/wp-content\/uploads\/2015\/07\/20150708_CB_SPD_Nord_Sommergrillen_2-768x432.jpg 768w, https:\/\/uli-freese.de\/neu\/wp-content\/uploads\/2015\/07\/20150708_CB_SPD_Nord_Sommergrillen_2-1024x576.jpg 1024w\" sizes=\"(max-width: 340px) 100vw, 340px\" \/><\/p>\n","protected":false},"excerpt":{"rendered":"<p>Heute Abend war ich zu Gast beim Sommerfest der SPD Cottbus-Nord. Vielen Dank f\u00fcr dir Einladung und nette und interessante Gespr\u00e4che am heutigen Abend. Besonders gefreut hat mich, dass auch einige der Nachbarinnen und Nachbarn rund um den VfB Sportplatz der Einladung zu Bratwurst und kalten Getr\u00e4nken gefolgt sind um mit Mitgliedern des Stadtparlaments und [&hellip;]<\/p>\n","protected":false},"author":1,"featured_media":919,"comment_status":"closed","ping_status":"open","sticky":false,"template":"","format":"standard","meta":[],"categories":[3],"tags":[],"_links":{"self":[{"href":"https:\/\/uli-freese.de\/neu\/wp-json\/wp\/v2\/posts\/923"}],"collection":[{"href":"https:\/\/uli-freese.de\/neu\/wp-json\/wp\/v2\/posts"}],"about":[{"href":"https:\/\/uli-freese.de\/neu\/wp-json\/wp\/v2\/types\/post"}],"author":[{"embeddable":true,"href":"https:\/\/uli-freese.de\/neu\/wp-json\/wp\/v2\/users\/1"}],"replies":[{"embeddable":true,"href":"https:\/\/uli-freese.de\/neu\/wp-json\/wp\/v2\/comments?post=923"}],"version-history":[{"count":1,"href":"https:\/\/uli-freese.de\/neu\/wp-json\/wp\/v2\/posts\/923\/revisions"}],"predecessor-version":[{"id":2079,"href":"https:\/\/uli-freese.de\/neu\/wp-json\/wp\/v2\/posts\/923\/revisions\/2079"}],"wp:featuredmedia":[{"embeddable":true,"href":"https:\/\/uli-freese.de\/neu\/wp-json\/wp\/v2\/media\/919"}],"wp:attachment":[{"href":"https:\/\/uli-freese.de\/neu\/wp-json\/wp\/v2\/media?parent=923"}],"wp:term":[{"taxonomy":"category","embeddable":true,"href":"https:\/\/uli-freese.de\/neu\/wp-json\/wp\/v2\/categories?post=923"},{"taxonomy":"post_tag","embeddable":true,"href":"https:\/\/uli-freese.de\/neu\/wp-json\/wp\/v2\/tags?post=923"}],"curies":[{"name":"wp","href":"https:\/\/api.w.org\/{rel}","templated":true}]}}