{"id":928,"date":"2015-07-15T16:00:02","date_gmt":"2015-07-15T14:00:02","guid":{"rendered":"http:\/\/uli-freese.de\/neu\/2015\/07\/15\/arbeitsgespraech-in-der-rosenstadt\/"},"modified":"2018-01-22T16:06:40","modified_gmt":"2018-01-22T15:06:40","slug":"arbeitsgespraech-in-der-rosenstadt","status":"publish","type":"post","link":"https:\/\/uli-freese.de\/neu\/2015\/07\/15\/arbeitsgespraech-in-der-rosenstadt\/","title":{"rendered":"Arbeitsgespr\u00e4ch in der Rosenstadt"},"content":{"rendered":"<p><img loading=\"lazy\" class=\" alignright size-full wp-image-927\" style=\"float: right;\" title=\"MdB Ulrich Freese trifft sich zum Arbeitsgespr\u00e4ch im Amtszimmer des neuen Forster B\u00fcrgermeisters\" src=\"http:\/\/uli-freese.de\/neu\/wp-content\/uploads\/2015\/07\/20150715_Forst_BM_Wesemann_Uli_Antrittsbesuch.jpg\" alt=\"(Foto: B\u00fcrgerb\u00fcro MdB Freese, Stefan Schedler)\" width=\"300\" height=\"169\" srcset=\"https:\/\/uli-freese.de\/neu\/wp-content\/uploads\/2015\/07\/20150715_Forst_BM_Wesemann_Uli_Antrittsbesuch.jpg 500w, https:\/\/uli-freese.de\/neu\/wp-content\/uploads\/2015\/07\/20150715_Forst_BM_Wesemann_Uli_Antrittsbesuch-300x169.jpg 300w\" sizes=\"(max-width: 300px) 100vw, 300px\" \/>Heute hat sich der Lausitzer Bundestagsabgeordnete Ulrich Freese im Forster Rathaus mit dem neuen B\u00fcrgermeister, und ehemaligen Mitarbeiter seines Forster Wahlkreisb\u00fcros, Philipp Wesemann getroffen.<\/p>\n<p>&#8222;Nachdem wir schon in den vergangenen Wochen am Rande einiger Termine zusammen sprechen konnten, haben wir den heutigen Termin f\u00fcr ein intensives Arbeitsgespr\u00e4ch verabredet, um einmal in Ruhe und ausf\u00fchrlich die aktuelle Lage der Rosenstadt zu er\u00f6rtern, sowie uns \u00fcber bundespolitische M\u00f6glichkeiten positiv auf die Kommune zu wirken, auszutauschen.&#8220;, sagte Freese zu diesem Treffen.<\/p>\n<p>F\u00fcr B\u00fcrgerinnen und B\u00fcrger seines Wahlkreises besteht \u00fcbrigens in der letzten Juli-Woche wieder die M\u00f6glichkeit f\u00fcr ein pers\u00f6nliches Gespr\u00e4ch mit ihrem Abgeordneten. Die Termine der monatlich stattfindenden B\u00fcrgersprechstunden finden Sie <a href=\"index.php\/termine-vor-ort\">auf dieser Seite<\/a>.<\/p>\n","protected":false},"excerpt":{"rendered":"<p>Heute hat sich der Lausitzer Bundestagsabgeordnete Ulrich Freese im Forster Rathaus mit dem neuen B\u00fcrgermeister, und ehemaligen Mitarbeiter seines Forster Wahlkreisb\u00fcros, Philipp Wesemann getroffen. &#8222;Nachdem wir schon in den vergangenen Wochen am Rande einiger Termine zusammen sprechen konnten, haben wir den heutigen Termin f\u00fcr ein intensives Arbeitsgespr\u00e4ch verabredet, um einmal in Ruhe und ausf\u00fchrlich die [&hellip;]<\/p>\n","protected":false},"author":1,"featured_media":927,"comment_status":"closed","ping_status":"open","sticky":false,"template":"","format":"standard","meta":[],"categories":[3],"tags":[],"_links":{"self":[{"href":"https:\/\/uli-freese.de\/neu\/wp-json\/wp\/v2\/posts\/928"}],"collection":[{"href":"https:\/\/uli-freese.de\/neu\/wp-json\/wp\/v2\/posts"}],"about":[{"href":"https:\/\/uli-freese.de\/neu\/wp-json\/wp\/v2\/types\/post"}],"author":[{"embeddable":true,"href":"https:\/\/uli-freese.de\/neu\/wp-json\/wp\/v2\/users\/1"}],"replies":[{"embeddable":true,"href":"https:\/\/uli-freese.de\/neu\/wp-json\/wp\/v2\/comments?post=928"}],"version-history":[{"count":1,"href":"https:\/\/uli-freese.de\/neu\/wp-json\/wp\/v2\/posts\/928\/revisions"}],"predecessor-version":[{"id":2076,"href":"https:\/\/uli-freese.de\/neu\/wp-json\/wp\/v2\/posts\/928\/revisions\/2076"}],"wp:featuredmedia":[{"embeddable":true,"href":"https:\/\/uli-freese.de\/neu\/wp-json\/wp\/v2\/media\/927"}],"wp:attachment":[{"href":"https:\/\/uli-freese.de\/neu\/wp-json\/wp\/v2\/media?parent=928"}],"wp:term":[{"taxonomy":"category","embeddable":true,"href":"https:\/\/uli-freese.de\/neu\/wp-json\/wp\/v2\/categories?post=928"},{"taxonomy":"post_tag","embeddable":true,"href":"https:\/\/uli-freese.de\/neu\/wp-json\/wp\/v2\/tags?post=928"}],"curies":[{"name":"wp","href":"https:\/\/api.w.org\/{rel}","templated":true}]}}