{"id":931,"date":"2015-07-17T12:03:46","date_gmt":"2015-07-17T10:03:46","guid":{"rendered":"http:\/\/uli-freese.de\/neu\/2015\/07\/17\/verhandlungsmandat-beschlossen\/"},"modified":"2018-01-22T16:06:40","modified_gmt":"2018-01-22T15:06:40","slug":"verhandlungsmandat-beschlossen","status":"publish","type":"post","link":"https:\/\/uli-freese.de\/neu\/2015\/07\/17\/verhandlungsmandat-beschlossen\/","title":{"rendered":"Griechenland-Sondersitzung: Verhandlungsmandat beschlossen"},"content":{"rendered":"<p><img loading=\"lazy\" class=\" size-full wp-image-929\" title=\"Sondersitzung zur Griechenland-Hilfe am 17. Juli 2015 im Deutschen Bundestag\" src=\"http:\/\/uli-freese.de\/neu\/wp-content\/uploads\/2015\/07\/reichstag_frontal.jpg\" alt=\"(Archiv-Foto: Bundestagsb\u00fcro MdB Freese, M. Heger)\" width=\"686\" height=\"387\" srcset=\"https:\/\/uli-freese.de\/neu\/wp-content\/uploads\/2015\/07\/reichstag_frontal.jpg 1000w, https:\/\/uli-freese.de\/neu\/wp-content\/uploads\/2015\/07\/reichstag_frontal-300x169.jpg 300w, https:\/\/uli-freese.de\/neu\/wp-content\/uploads\/2015\/07\/reichstag_frontal-768x433.jpg 768w\" sizes=\"(max-width: 686px) 100vw, 686px\" \/> <\/p>\n<p>Der Deutsche Bundestag kam heute zur Sondersitzung mit der Debatte zur &#8222;Aufnahme von Verhandlungen mit Griechenland f\u00fcr ein drittes Hilfspaket&#8220; zusammen.<\/p>\n<p><strong>Mehrheitlich haben wir Abegordneten den Verhandlungen \u00fcber ein drittes Hilfsprogramm f\u00fcr Griechenland zugestimmt. 439 Ja, 119 Nein und 40 Entahltungen gab Bundestagspr\u00e4sident Dr. Lammert soeben bekannt. Auch ich habe, wie angek\u00fcndigt, mit Ja gestimmt.<\/strong> <\/p>\n<p><img loading=\"lazy\" class=\" alignright size-full wp-image-930\" style=\"float: right;\" title=\"LR-Artikel vom 17. Juli 2015\" src=\"http:\/\/uli-freese.de\/neu\/wp-content\/uploads\/2015\/07\/20150717_LR_Statement_Griechenland.jpg\" alt=\"(Foto: Zeitungsartikel aus der Lausitzer Rundschau)\" width=\"300\" height=\"185\" srcset=\"https:\/\/uli-freese.de\/neu\/wp-content\/uploads\/2015\/07\/20150717_LR_Statement_Griechenland.jpg 593w, https:\/\/uli-freese.de\/neu\/wp-content\/uploads\/2015\/07\/20150717_LR_Statement_Griechenland-300x185.jpg 300w\" sizes=\"(max-width: 300px) 100vw, 300px\" \/>Mein Statement nach den gestrigen Beratungen des Haushaltsausschusses druckte die Lausitzer Rundschau heute:&nbsp;<br \/>&#8222;Wenn die Bundesregierung den Antrag stellt, ein Verhandlungsmandat f\u00fcr ein weiteres Hilfspaket Griechenland zu erhalten, werde ich zustimmen.<br \/>Niemandem ist geholfen, wenn Griechenland in den Staatsbankrott geht. Weder den Menschen in Griechenland, noch uns in Deutschland. Die j\u00fcngsten Signale aus Athen sind, dass alle Politiker &#8211; bis auf wenige Ausnahmen &#8211; begriffen haben, dass es ohne Reformen nicht geht.<br \/>Dies ist eine gute Basis Verhandlungen zu beginnen, damit sie zuk\u00fcnftig Schulden aus eigener Kraft tilgen und wirtschaftliche, gesellschaftliche sowie soziale Entwicklung gestalten k\u00f6nnen.&#8220;<\/p>\n<div>\n<p>Dem rbb habe ich nach den gestrigen Beratungen im Haushaltsausschuss und der SPD-Bundestagsfraktion folgendes gesagt: &#8222;Prinzipiell geht es darum, Griechenland in der Europ\u00e4ischen Union zu halten, im Euroraum zu halten. Auch um f\u00fcr die deutsche Wirtschaft gute Rahmenbedingungen zu haben. Daher haben wir Sozialdemokraten uns dazu bekannt, der Bundesregierung ein neues Handlungsmandat zu erteilen, und wenn das Ergebnis der Verhandlungen auf dem Tisch liegt, wird eine abschlie\u00dfende Entscheidung des Parlamentes erforderlich.&#8220;<\/p>\n<p>Hier auch noch die heutige Rede von Wirtschaftsminister Sigmar Gabriel, der das &#8222;Ja&#8220; der SPD&nbsp;zu einem Mandat f\u00fcr weitere Verhandlungen darlegt:<\/p><\/div>\n<p> <iframe loading=\"lazy\" width=\"686\" height=\"300\" src=\"https:\/\/www.youtube.com\/embed\/FcwLjymmAA4\" frameborder=\"0\" allowfullscreen><\/iframe> <\/p>\n<div>&nbsp;<\/div>\n<div>(Quelle: phoenix-Youtubekanal)<\/div>\n","protected":false},"excerpt":{"rendered":"<p>Der Deutsche Bundestag kam heute zur Sondersitzung mit der Debatte zur &#8222;Aufnahme von Verhandlungen mit Griechenland f\u00fcr ein drittes Hilfspaket&#8220; zusammen. Mehrheitlich haben wir Abegordneten den Verhandlungen \u00fcber ein drittes Hilfsprogramm f\u00fcr Griechenland zugestimmt. 439 Ja, 119 Nein und 40 Entahltungen gab Bundestagspr\u00e4sident Dr. Lammert soeben bekannt. Auch ich habe, wie angek\u00fcndigt, mit Ja gestimmt. [&hellip;]<\/p>\n","protected":false},"author":1,"featured_media":929,"comment_status":"closed","ping_status":"open","sticky":false,"template":"","format":"standard","meta":[],"categories":[3],"tags":[],"_links":{"self":[{"href":"https:\/\/uli-freese.de\/neu\/wp-json\/wp\/v2\/posts\/931"}],"collection":[{"href":"https:\/\/uli-freese.de\/neu\/wp-json\/wp\/v2\/posts"}],"about":[{"href":"https:\/\/uli-freese.de\/neu\/wp-json\/wp\/v2\/types\/post"}],"author":[{"embeddable":true,"href":"https:\/\/uli-freese.de\/neu\/wp-json\/wp\/v2\/users\/1"}],"replies":[{"embeddable":true,"href":"https:\/\/uli-freese.de\/neu\/wp-json\/wp\/v2\/comments?post=931"}],"version-history":[{"count":1,"href":"https:\/\/uli-freese.de\/neu\/wp-json\/wp\/v2\/posts\/931\/revisions"}],"predecessor-version":[{"id":2075,"href":"https:\/\/uli-freese.de\/neu\/wp-json\/wp\/v2\/posts\/931\/revisions\/2075"}],"wp:featuredmedia":[{"embeddable":true,"href":"https:\/\/uli-freese.de\/neu\/wp-json\/wp\/v2\/media\/929"}],"wp:attachment":[{"href":"https:\/\/uli-freese.de\/neu\/wp-json\/wp\/v2\/media?parent=931"}],"wp:term":[{"taxonomy":"category","embeddable":true,"href":"https:\/\/uli-freese.de\/neu\/wp-json\/wp\/v2\/categories?post=931"},{"taxonomy":"post_tag","embeddable":true,"href":"https:\/\/uli-freese.de\/neu\/wp-json\/wp\/v2\/tags?post=931"}],"curies":[{"name":"wp","href":"https:\/\/api.w.org\/{rel}","templated":true}]}}