{"id":933,"date":"2015-07-24T08:01:10","date_gmt":"2015-07-24T06:01:10","guid":{"rendered":"http:\/\/uli-freese.de\/neu\/2015\/07\/24\/informationsgespraech-mit-dem-thw-zusaetzliche-mittel-des-bundes-werden-vor-ort-genutzt\/"},"modified":"2018-01-22T16:06:40","modified_gmt":"2018-01-22T15:06:40","slug":"informationsgespraech-mit-dem-thw-zusaetzliche-mittel-des-bundes-werden-vor-ort-genutzt","status":"publish","type":"post","link":"https:\/\/uli-freese.de\/neu\/2015\/07\/24\/informationsgespraech-mit-dem-thw-zusaetzliche-mittel-des-bundes-werden-vor-ort-genutzt\/","title":{"rendered":"Informationsgespr\u00e4ch mit dem THW &#8211; Zus\u00e4tzliche Mittel des Bundes werden vor Ort genutzt"},"content":{"rendered":"<p><img loading=\"lazy\" class=\" alignright size-full wp-image-932\" style=\"float: right;\" title=\"Uli Freese trifft zum Informationsgespr\u00e4ch den THW Ortsbeauftragten Sven Grabs und dem Jubilar Horst Frentrup (55 THW-Jahre)\" src=\"http:\/\/uli-freese.de\/neu\/wp-content\/uploads\/2015\/07\/20150723_CB_THW_Uli_Freese_Sven_Grabs_Horst_Frentrup.jpg\" alt=\"(Foto: B\u00fcrberb\u00fcro MdB Freese, Michael Heger)\" width=\"300\" height=\"169\" srcset=\"https:\/\/uli-freese.de\/neu\/wp-content\/uploads\/2015\/07\/20150723_CB_THW_Uli_Freese_Sven_Grabs_Horst_Frentrup.jpg 686w, https:\/\/uli-freese.de\/neu\/wp-content\/uploads\/2015\/07\/20150723_CB_THW_Uli_Freese_Sven_Grabs_Horst_Frentrup-300x169.jpg 300w\" sizes=\"(max-width: 300px) 100vw, 300px\" \/>Am Donnerstag Nachmittag hat sich der Lausitzer Bundestagsabgeordnete Ulrich Freese zu einem Informationsgespr\u00e4ch mit dem Ortsbeauftragten des Technischen Hilfswerk Ortsverband Cottbus,&nbsp;Sven Grabs, und THW-Fachberater Horst Frentrup getroffen. &#8222;Dabei habe ich mich informieren lassen, ob von den zus\u00e4tzlichen Mitteln die dem Technischen Hilfswerk \u00fcber den Bundeshaushalt zur Verf\u00fcgung gestellt wurden, auch bauliche Ma\u00dfnahmen am Standort Cottbus erfolgen werden. Dies wird der Fall sein.&#8220;, so Freese, der als Mitglied des Deutschen Bundestages dem Haushaltsausschuss angeh\u00f6rt.<br \/>&nbsp;<br \/>&#8222;Nat\u00fcrlich war es mir auch ein besonderes Anliegen, heute noch einmal Horst Frentrup zu seinem 55. Dienstjubil\u00e4um beim THW zu gratulieren, und ihm nach meinem virtuellen Gru\u00df auf der THW-Facebookseite Ende Juni jetzt auch noch einmal pers\u00f6nlich f\u00fcr seine Arbeit f\u00fcr die Cottbuserinnen und Cottbuser seit fast 25 Jahren zu danken.&#8220;, erg\u00e4nzt Freese.<\/p>\n","protected":false},"excerpt":{"rendered":"<p>Am Donnerstag Nachmittag hat sich der Lausitzer Bundestagsabgeordnete Ulrich Freese zu einem Informationsgespr\u00e4ch mit dem Ortsbeauftragten des Technischen Hilfswerk Ortsverband Cottbus,&nbsp;Sven Grabs, und THW-Fachberater Horst Frentrup getroffen. &#8222;Dabei habe ich mich informieren lassen, ob von den zus\u00e4tzlichen Mitteln die dem Technischen Hilfswerk \u00fcber den Bundeshaushalt zur Verf\u00fcgung gestellt wurden, auch bauliche Ma\u00dfnahmen am Standort Cottbus [&hellip;]<\/p>\n","protected":false},"author":1,"featured_media":932,"comment_status":"closed","ping_status":"open","sticky":false,"template":"","format":"standard","meta":[],"categories":[3],"tags":[],"_links":{"self":[{"href":"https:\/\/uli-freese.de\/neu\/wp-json\/wp\/v2\/posts\/933"}],"collection":[{"href":"https:\/\/uli-freese.de\/neu\/wp-json\/wp\/v2\/posts"}],"about":[{"href":"https:\/\/uli-freese.de\/neu\/wp-json\/wp\/v2\/types\/post"}],"author":[{"embeddable":true,"href":"https:\/\/uli-freese.de\/neu\/wp-json\/wp\/v2\/users\/1"}],"replies":[{"embeddable":true,"href":"https:\/\/uli-freese.de\/neu\/wp-json\/wp\/v2\/comments?post=933"}],"version-history":[{"count":1,"href":"https:\/\/uli-freese.de\/neu\/wp-json\/wp\/v2\/posts\/933\/revisions"}],"predecessor-version":[{"id":2074,"href":"https:\/\/uli-freese.de\/neu\/wp-json\/wp\/v2\/posts\/933\/revisions\/2074"}],"wp:featuredmedia":[{"embeddable":true,"href":"https:\/\/uli-freese.de\/neu\/wp-json\/wp\/v2\/media\/932"}],"wp:attachment":[{"href":"https:\/\/uli-freese.de\/neu\/wp-json\/wp\/v2\/media?parent=933"}],"wp:term":[{"taxonomy":"category","embeddable":true,"href":"https:\/\/uli-freese.de\/neu\/wp-json\/wp\/v2\/categories?post=933"},{"taxonomy":"post_tag","embeddable":true,"href":"https:\/\/uli-freese.de\/neu\/wp-json\/wp\/v2\/tags?post=933"}],"curies":[{"name":"wp","href":"https:\/\/api.w.org\/{rel}","templated":true}]}}