{"id":936,"date":"2015-07-27T09:11:14","date_gmt":"2015-07-27T07:11:14","guid":{"rendered":"http:\/\/uli-freese.de\/neu\/2015\/07\/27\/kultur-und-sport-am-wochenende\/"},"modified":"2018-01-22T16:06:40","modified_gmt":"2018-01-22T15:06:40","slug":"kultur-und-sport-am-wochenende","status":"publish","type":"post","link":"https:\/\/uli-freese.de\/neu\/2015\/07\/27\/kultur-und-sport-am-wochenende\/","title":{"rendered":"Kultur und Sport am Wochenende"},"content":{"rendered":"<p><img loading=\"lazy\" class=\" size-full wp-image-934\" title=\"Uli Freese bei der Ausstellungser\u00f6ffnung von Fotograf Walter Sch\u00f6nenbr\u00f6cher im Spremberger Turm\" src=\"http:\/\/uli-freese.de\/neu\/wp-content\/uploads\/2015\/07\/20150725_CB_Spremberger_Turm_Ausstellungseroeffnung.jpg\" alt=\"(Foto: Marion Hierche)\" width=\"686\" height=\"456\" srcset=\"https:\/\/uli-freese.de\/neu\/wp-content\/uploads\/2015\/07\/20150725_CB_Spremberger_Turm_Ausstellungseroeffnung.jpg 1000w, https:\/\/uli-freese.de\/neu\/wp-content\/uploads\/2015\/07\/20150725_CB_Spremberger_Turm_Ausstellungseroeffnung-300x200.jpg 300w, https:\/\/uli-freese.de\/neu\/wp-content\/uploads\/2015\/07\/20150725_CB_Spremberger_Turm_Ausstellungseroeffnung-768x511.jpg 768w\" sizes=\"(max-width: 686px) 100vw, 686px\" \/><\/p>\n<p>Am Wochenende standen f\u00fcr mich Kultur und Sport-Events im Kalender. Am Samstag besuchte ich gemeinsam mit MdL Kerstin Kircheis die Er\u00f6ffnung der bisher zweiten Kunstausstellung im Spremberger Turm in Cottbus.&nbsp;Walter Sch\u00f6nenbr\u00f6cher stellt seine Fotografien aus. Bekannt ist er nicht nur in unserer Region sondern durch nationale und internationale Ausstellungen, unter anderem in England und Amerika. Ich kann einen Besuch im 28 Meter hohen Wahrzeichen unserer Stadt auf jeden Fall empfehlen, und das zur Zeit eben nicht nur wegen des tollen Ausblicks \u00fcber unsere Stadt.<\/p>\n<p><img loading=\"lazy\" class=\" alignright size-full wp-image-935\" style=\"float: right;\" title=\"Historische Gew\u00e4nder f\u00fcr's P\u00fcckler-Schaubild: Maria Voigt als feine Dame hoch zu Ross und der Vereins-Vorsitzende Stefan Ehret als F\u00fcrst P\u00fcckler\" src=\"http:\/\/uli-freese.de\/neu\/wp-content\/uploads\/2015\/07\/20150725_CB_Reitturnier_Kutzeburger_Muehle.jpg\" alt=\"(Foto: B\u00fcrgerb\u00fcro MdB Freese, Michael Heger)\" width=\"300\" height=\"169\" srcset=\"https:\/\/uli-freese.de\/neu\/wp-content\/uploads\/2015\/07\/20150725_CB_Reitturnier_Kutzeburger_Muehle.jpg 960w, https:\/\/uli-freese.de\/neu\/wp-content\/uploads\/2015\/07\/20150725_CB_Reitturnier_Kutzeburger_Muehle-300x169.jpg 300w, https:\/\/uli-freese.de\/neu\/wp-content\/uploads\/2015\/07\/20150725_CB_Reitturnier_Kutzeburger_Muehle-768x432.jpg 768w\" sizes=\"(max-width: 300px) 100vw, 300px\" \/>Im Anschluss an die Ausstellung rief dann die Reitanlage an der Kutzeburger M\u00fchle in Gallinchen zum Besuch. Dort lud der Reit- und Fahrverein Cottbus zur Jubil\u00e4umsausgabe des traditionellen Reit- und Springturniers ein. Neben&nbsp;etlichen Pr\u00fcfungen stand auch ein historisches Schaubild zu Ehren von F\u00fcrst P\u00fcckler bei der 20. Ausgabe auf dem Programm. In dessen Rolle schl\u00fcpfte \u00fcbrigens der Vereins-Vorsitzende Stefan Ehret, weshalb die ehemalige langj\u00e4hrige Turnier-Schirmfrau Kerstin Kircheis und ich uns unter anderem mit ihm in historischer Robe fotografieren lie\u00dfen, ehe wir uns gemeinsam mit dem Gallinchener B\u00fcrgermeister Dietmar Schulz die Darbietung anschauten. F\u00fcr die kleinen Besucher wartete \u00fcbrigens noch eine liebevoll von Ritterfans aus der Region und ganz Deutschland erbaute Ritterburg mit &#8222;echten Rittern&#8220; auf den Besuch.<\/p>\n<p>Der Sonntag stand dann nat\u00fcrlich ganz im Zeichen des Saisonauftakts in der 3. Bundesliga. Der FC Energie Cottbus empfing mit seiner neu geformten Mannschaft zum Auftakt im heimischen Stadion den Halleschen FC. Am Ende stand nach einem 2:0 Sieg fest: Auf diese Saison &#8222;hart an der Grenze&#8220; k\u00f6nnen wir uns freuen, besonders auch auf die vielen anstehenden Ost-Derbys.<\/p>\n<p><em>(Fotos: Marion Hierche und Michael Heger)<\/em><\/p>\n","protected":false},"excerpt":{"rendered":"<p>Am Wochenende standen f\u00fcr mich Kultur und Sport-Events im Kalender. Am Samstag besuchte ich gemeinsam mit MdL Kerstin Kircheis die Er\u00f6ffnung der bisher zweiten Kunstausstellung im Spremberger Turm in Cottbus.&nbsp;Walter Sch\u00f6nenbr\u00f6cher stellt seine Fotografien aus. Bekannt ist er nicht nur in unserer Region sondern durch nationale und internationale Ausstellungen, unter anderem in England und Amerika. [&hellip;]<\/p>\n","protected":false},"author":1,"featured_media":934,"comment_status":"closed","ping_status":"open","sticky":false,"template":"","format":"standard","meta":[],"categories":[3],"tags":[],"_links":{"self":[{"href":"https:\/\/uli-freese.de\/neu\/wp-json\/wp\/v2\/posts\/936"}],"collection":[{"href":"https:\/\/uli-freese.de\/neu\/wp-json\/wp\/v2\/posts"}],"about":[{"href":"https:\/\/uli-freese.de\/neu\/wp-json\/wp\/v2\/types\/post"}],"author":[{"embeddable":true,"href":"https:\/\/uli-freese.de\/neu\/wp-json\/wp\/v2\/users\/1"}],"replies":[{"embeddable":true,"href":"https:\/\/uli-freese.de\/neu\/wp-json\/wp\/v2\/comments?post=936"}],"version-history":[{"count":1,"href":"https:\/\/uli-freese.de\/neu\/wp-json\/wp\/v2\/posts\/936\/revisions"}],"predecessor-version":[{"id":2073,"href":"https:\/\/uli-freese.de\/neu\/wp-json\/wp\/v2\/posts\/936\/revisions\/2073"}],"wp:featuredmedia":[{"embeddable":true,"href":"https:\/\/uli-freese.de\/neu\/wp-json\/wp\/v2\/media\/934"}],"wp:attachment":[{"href":"https:\/\/uli-freese.de\/neu\/wp-json\/wp\/v2\/media?parent=936"}],"wp:term":[{"taxonomy":"category","embeddable":true,"href":"https:\/\/uli-freese.de\/neu\/wp-json\/wp\/v2\/categories?post=936"},{"taxonomy":"post_tag","embeddable":true,"href":"https:\/\/uli-freese.de\/neu\/wp-json\/wp\/v2\/tags?post=936"}],"curies":[{"name":"wp","href":"https:\/\/api.w.org\/{rel}","templated":true}]}}