{"id":938,"date":"2015-08-06T10:35:57","date_gmt":"2015-08-06T08:35:57","guid":{"rendered":"http:\/\/uli-freese.de\/neu\/2015\/08\/06\/ich-teile-dietmar-woidkes-forderungen-aus-dem-zdf-moma-interview\/"},"modified":"2018-01-22T16:06:39","modified_gmt":"2018-01-22T15:06:39","slug":"ich-teile-dietmar-woidkes-forderungen-aus-dem-zdf-moma-interview","status":"publish","type":"post","link":"https:\/\/uli-freese.de\/neu\/2015\/08\/06\/ich-teile-dietmar-woidkes-forderungen-aus-dem-zdf-moma-interview\/","title":{"rendered":"Ich teile Dietmar Woidkes Forderungen aus dem ZDF MoMa-Interview"},"content":{"rendered":"<p><img loading=\"lazy\" class=\" alignright size-full wp-image-937\" style=\"float: right;\" title=\"Ulrich Freese mit Dietmar Woidke\" src=\"http:\/\/uli-freese.de\/neu\/wp-content\/uploads\/2015\/08\/ULi-Woidke.jpg\" alt=\"(Archiv-Foto)\" width=\"300\" height=\"444\" srcset=\"https:\/\/uli-freese.de\/neu\/wp-content\/uploads\/2015\/08\/ULi-Woidke.jpg 649w, https:\/\/uli-freese.de\/neu\/wp-content\/uploads\/2015\/08\/ULi-Woidke-203x300.jpg 203w\" sizes=\"(max-width: 300px) 100vw, 300px\" \/>Starker Auftritt unseres Brandenburger Ministerpr\u00e4sidenten&nbsp;Dietmar Woidke&nbsp;zur Fl\u00fcchtlings- und Asylbewerberfrage heute im&nbsp;<a href=\"http:\/\/www.zdf.de\/ZDFmediathek#\/beitrag\/video\/2463662\/Woidke:-%22Geldnot-verhindert-Integration%22\" target=\"_blank\">ZDF morgenmagazin<\/a>.<\/p>\n<p>Klare Botschaft f\u00fcr jedermann verst\u00e4ndlich: Es ist ein gesamtdeutsches Problem. Es geht um Integrationsvoraussetzungen durch Bildung, Arbeit und Unterbringung.<\/p>\n<p>Eine von Baden-W\u00fcrtemberg geforderte st\u00e4rkere Unterbringung in ostdeutschen Bundesl\u00e4ndern ist wenig sinnvoll, weil hier Wohnungsleerst\u00e4nde auf Grund von Wegzug insbesondere junger Menschen wegen mangelnder Perspektive vorhanden sind.<\/p>\n<div>\n<p>Der Bund ist st\u00e4rker gefordert, da bin ich &#8211; wie viele MdBs der&nbsp;<a href=\"http:\/\/www.spdfraktion.de\/\" target=\"_blank\" data-hovercard=\"\/ajax\/hovercard\/page.php?id=144380008933707\">SPD-Bundestagsfraktion<\/a>&nbsp;an der Seite der L\u00e4nder. Die Kommunen und L\u00e4nder m\u00fcssen durch h\u00f6here Zuweisungen hierf\u00fcr entlastet werden.<\/p>\n<p>Also: Gute Botschaft und Forderungen von Dietmar Woidke!<\/p>\n<p>Das Video ist unter diesem Link in den n\u00e4chsten sieben Tagen in der ZDF-Mediathek abrufbar:<\/p>\n<p><a href=\"http:\/\/www.zdf.de\/ZDFmediathek\/beitrag\/video\/2463662\/Woidke:-%22Geldnot-verhindert-Integration%22?flash=off\" target=\"_blank\">Video auf neuer Seite abspielen<\/a><\/p>\n<\/p><\/div>\n","protected":false},"excerpt":{"rendered":"<p>Starker Auftritt unseres Brandenburger Ministerpr\u00e4sidenten&nbsp;Dietmar Woidke&nbsp;zur Fl\u00fcchtlings- und Asylbewerberfrage heute im&nbsp;ZDF morgenmagazin. Klare Botschaft f\u00fcr jedermann verst\u00e4ndlich: Es ist ein gesamtdeutsches Problem. Es geht um Integrationsvoraussetzungen durch Bildung, Arbeit und Unterbringung. Eine von Baden-W\u00fcrtemberg geforderte st\u00e4rkere Unterbringung in ostdeutschen Bundesl\u00e4ndern ist wenig sinnvoll, weil hier Wohnungsleerst\u00e4nde auf Grund von Wegzug insbesondere junger Menschen wegen mangelnder [&hellip;]<\/p>\n","protected":false},"author":1,"featured_media":937,"comment_status":"closed","ping_status":"open","sticky":false,"template":"","format":"standard","meta":[],"categories":[3],"tags":[],"_links":{"self":[{"href":"https:\/\/uli-freese.de\/neu\/wp-json\/wp\/v2\/posts\/938"}],"collection":[{"href":"https:\/\/uli-freese.de\/neu\/wp-json\/wp\/v2\/posts"}],"about":[{"href":"https:\/\/uli-freese.de\/neu\/wp-json\/wp\/v2\/types\/post"}],"author":[{"embeddable":true,"href":"https:\/\/uli-freese.de\/neu\/wp-json\/wp\/v2\/users\/1"}],"replies":[{"embeddable":true,"href":"https:\/\/uli-freese.de\/neu\/wp-json\/wp\/v2\/comments?post=938"}],"version-history":[{"count":1,"href":"https:\/\/uli-freese.de\/neu\/wp-json\/wp\/v2\/posts\/938\/revisions"}],"predecessor-version":[{"id":2072,"href":"https:\/\/uli-freese.de\/neu\/wp-json\/wp\/v2\/posts\/938\/revisions\/2072"}],"wp:featuredmedia":[{"embeddable":true,"href":"https:\/\/uli-freese.de\/neu\/wp-json\/wp\/v2\/media\/937"}],"wp:attachment":[{"href":"https:\/\/uli-freese.de\/neu\/wp-json\/wp\/v2\/media?parent=938"}],"wp:term":[{"taxonomy":"category","embeddable":true,"href":"https:\/\/uli-freese.de\/neu\/wp-json\/wp\/v2\/categories?post=938"},{"taxonomy":"post_tag","embeddable":true,"href":"https:\/\/uli-freese.de\/neu\/wp-json\/wp\/v2\/tags?post=938"}],"curies":[{"name":"wp","href":"https:\/\/api.w.org\/{rel}","templated":true}]}}