{"id":956,"date":"2015-08-26T12:17:57","date_gmt":"2015-08-26T10:17:57","guid":{"rendered":"http:\/\/uli-freese.de\/neu\/2015\/08\/26\/firmenbesuche-in-fors-lausitz\/"},"modified":"2018-01-22T16:06:27","modified_gmt":"2018-01-22T15:06:27","slug":"firmenbesuche-in-fors-lausitz","status":"publish","type":"post","link":"https:\/\/uli-freese.de\/neu\/2015\/08\/26\/firmenbesuche-in-fors-lausitz\/","title":{"rendered":"Metall- und Holzbau: Firmenbesuche in Fors\/Lausitz"},"content":{"rendered":"<p><img loading=\"lazy\" class=\" size-full wp-image-954\" title=\"v.l. Philipp Weseseman, Gesch\u00e4ftsf\u00fchrer Jens Ullrich, Ulrich Freese, Egbert Lamm, Wirtschaftsf\u00f6rderer der Stadt Forst\/L.\" src=\"http:\/\/uli-freese.de\/neu\/wp-content\/uploads\/2015\/08\/20150824_Forst1_web.jpg\" alt=\"(Foto: MdB Freese B\u00fcrgerb\u00fcro Forst, S. Schedler)\" width=\"686\" height=\"386\" srcset=\"https:\/\/uli-freese.de\/neu\/wp-content\/uploads\/2015\/08\/20150824_Forst1_web.jpg 1000w, https:\/\/uli-freese.de\/neu\/wp-content\/uploads\/2015\/08\/20150824_Forst1_web-300x169.jpg 300w, https:\/\/uli-freese.de\/neu\/wp-content\/uploads\/2015\/08\/20150824_Forst1_web-768x432.jpg 768w\" sizes=\"(max-width: 686px) 100vw, 686px\" \/>Zwei gemeinsame Firmenbesuche mit dem Forster B\u00fcrgermeister Philipp Wesemann&nbsp;standen in dieser Woche in meinem Terminkalender.<\/p>\n<p><img loading=\"lazy\" class=\" alignright size-full wp-image-955\" style=\"float: right;\" title=\"Besuch bei HFBB Holzbau in Forst\/Lausitz\" src=\"http:\/\/uli-freese.de\/neu\/wp-content\/uploads\/2015\/08\/20150826_Forst1web.jpg\" alt=\"(Foto: MdB Freese B\u00fcrgerb\u00fcro Forst, S. Schedler)\" width=\"300\" height=\"225\" srcset=\"https:\/\/uli-freese.de\/neu\/wp-content\/uploads\/2015\/08\/20150826_Forst1web.jpg 1000w, https:\/\/uli-freese.de\/neu\/wp-content\/uploads\/2015\/08\/20150826_Forst1web-300x225.jpg 300w, https:\/\/uli-freese.de\/neu\/wp-content\/uploads\/2015\/08\/20150826_Forst1web-768x576.jpg 768w\" sizes=\"(max-width: 300px) 100vw, 300px\" \/>Bereits am Montag besuchte ich die Firma Metallbau Ullrich (Foto 1: v.l. Philipp Weseseman, Gesch\u00e4ftsf\u00fchrer Jens Ullrich, Ulrich Freese, Egbert Lamm, Wirtschaftsf\u00f6rderer der Stadt Forst\/L.). Das Unternehmen bearbeitet deutschlandweite Auftr\u00e4ge, wenig regional. Gesch\u00e4ftsf\u00fchrer Jens Ullrich konnte von einer guten Auftragslage &#8211; auch konjunkturell bedingt &#8211; berichten. Schlechter sieht es da schon mit der Stellenbesetzung aus. Stahlbauingenieure sind laut Herrn Ullrich Mangelware auf dem Markt &#8211; seine Firma sucht dringend! Au\u00dferdem w\u00fcrde er gerne bis zu acht weitere Schwei\u00dfer\/Schlosser einstellen.<\/p>\n<div>\n<p>Heute Vormittag ging es dann um Holzverarbeitung im Forster Werk der HFBB Holzfensterbau Bernau GmbH. Gezeigt wurde uns von Gesch\u00e4ftsf\u00fchrer Karsten H\u00e4ber der komplette Produktionsvorgang von Fenstern mit Holzrahmen. (Fotos 2) Das Unternehmen hat nationale und internationale Auftr\u00e4ge, unter anderem auch f\u00fcr den d\u00e4nischen Markt.<\/p>\n<p>\u00dcber den Besuch bei HFBB Holzbau berichtet die Lausitzer Rundschau in ihrer Ausgabe vom 27. August 2015: <a href=\"http:\/\/www.lr-online.de\/regionen\/spree-neisse\/forst\/Fensterhersteller-erweitert-Produktionsstandort-Forst;art1052,5148360\" target=\"_blank\">Artikel bei LR-Online.de<\/a><\/p>\n<\/p><\/div>\n","protected":false},"excerpt":{"rendered":"<p>Zwei gemeinsame Firmenbesuche mit dem Forster B\u00fcrgermeister Philipp Wesemann&nbsp;standen in dieser Woche in meinem Terminkalender. Bereits am Montag besuchte ich die Firma Metallbau Ullrich (Foto 1: v.l. Philipp Weseseman, Gesch\u00e4ftsf\u00fchrer Jens Ullrich, Ulrich Freese, Egbert Lamm, Wirtschaftsf\u00f6rderer der Stadt Forst\/L.). Das Unternehmen bearbeitet deutschlandweite Auftr\u00e4ge, wenig regional. Gesch\u00e4ftsf\u00fchrer Jens Ullrich konnte von einer guten Auftragslage [&hellip;]<\/p>\n","protected":false},"author":1,"featured_media":954,"comment_status":"closed","ping_status":"open","sticky":false,"template":"","format":"standard","meta":[],"categories":[3],"tags":[],"_links":{"self":[{"href":"https:\/\/uli-freese.de\/neu\/wp-json\/wp\/v2\/posts\/956"}],"collection":[{"href":"https:\/\/uli-freese.de\/neu\/wp-json\/wp\/v2\/posts"}],"about":[{"href":"https:\/\/uli-freese.de\/neu\/wp-json\/wp\/v2\/types\/post"}],"author":[{"embeddable":true,"href":"https:\/\/uli-freese.de\/neu\/wp-json\/wp\/v2\/users\/1"}],"replies":[{"embeddable":true,"href":"https:\/\/uli-freese.de\/neu\/wp-json\/wp\/v2\/comments?post=956"}],"version-history":[{"count":1,"href":"https:\/\/uli-freese.de\/neu\/wp-json\/wp\/v2\/posts\/956\/revisions"}],"predecessor-version":[{"id":2067,"href":"https:\/\/uli-freese.de\/neu\/wp-json\/wp\/v2\/posts\/956\/revisions\/2067"}],"wp:featuredmedia":[{"embeddable":true,"href":"https:\/\/uli-freese.de\/neu\/wp-json\/wp\/v2\/media\/954"}],"wp:attachment":[{"href":"https:\/\/uli-freese.de\/neu\/wp-json\/wp\/v2\/media?parent=956"}],"wp:term":[{"taxonomy":"category","embeddable":true,"href":"https:\/\/uli-freese.de\/neu\/wp-json\/wp\/v2\/categories?post=956"},{"taxonomy":"post_tag","embeddable":true,"href":"https:\/\/uli-freese.de\/neu\/wp-json\/wp\/v2\/tags?post=956"}],"curies":[{"name":"wp","href":"https:\/\/api.w.org\/{rel}","templated":true}]}}