{"id":962,"date":"2015-09-02T19:09:30","date_gmt":"2015-09-02T17:09:30","guid":{"rendered":"http:\/\/uli-freese.de\/neu\/2015\/09\/02\/viele-eindruecke-aus-dem-politischen-berlin-im-gepaeck-von-50-gubenerinnen\/"},"modified":"2018-01-22T16:06:27","modified_gmt":"2018-01-22T15:06:27","slug":"viele-eindruecke-aus-dem-politischen-berlin-im-gepaeck-von-50-gubenerinnen","status":"publish","type":"post","link":"https:\/\/uli-freese.de\/neu\/2015\/09\/02\/viele-eindruecke-aus-dem-politischen-berlin-im-gepaeck-von-50-gubenerinnen\/","title":{"rendered":"Viele Eindr\u00fccke aus dem politischen Berlin im Gep\u00e4ck von 50 GubenerInnen und Gubenern"},"content":{"rendered":"<p><img loading=\"lazy\" class=\" size-full wp-image-957\" title=\"Ein Ausblick, wie ihn sonst nur die Bundeskanzlerin genie\u00dft - Blick vom Balkon des Bundeskanzleramtes auf den Reichstag und das Paul-L\u00f6be-Haus\" src=\"http:\/\/uli-freese.de\/neu\/wp-content\/uploads\/2015\/09\/20150901_BPA_Guben_BKA.JPG\" alt=\"(Foto: B\u00fcrgerb\u00fcro MdB Freese, D. S\u00fc\u00dfmilch)\" width=\"686\" height=\"515\" srcset=\"https:\/\/uli-freese.de\/neu\/wp-content\/uploads\/2015\/09\/20150901_BPA_Guben_BKA.JPG 1000w, https:\/\/uli-freese.de\/neu\/wp-content\/uploads\/2015\/09\/20150901_BPA_Guben_BKA-300x225.jpg 300w, https:\/\/uli-freese.de\/neu\/wp-content\/uploads\/2015\/09\/20150901_BPA_Guben_BKA-768x576.jpg 768w\" sizes=\"(max-width: 686px) 100vw, 686px\" \/> <\/p>\n<p>Rund 50 B\u00fcrgerinnen und B\u00fcrger aus meinem Wahlkreis besuchten im Rahmen der diesj\u00e4hrigen dritten sogenannten &#8222;BPA-Fahrt&#8220; am 1. und 2. September die Bundeshauptstadt. Organisiert werden diese Zweitagesfahrten mit \u00dcbernachtung vom Bundespresseamt, j\u00e4hrlich kann jeder Abgeordnete vier Reisegruppen nach Berlin einladen. In meinem Wahlkreis teile ich die Fahrten auf meine vier Wahlkreisb\u00fcros auf, so dass jeweils 50 Personen aus der jeweiligen Region an der Fahrt teilnehmen k\u00f6nnen.<\/p>\n<p><img loading=\"lazy\" class=\" alignright size-full wp-image-958\" style=\"float: right;\" title=\"Ausstellungen standen auf dem Programm wie die seit 1987 laufende Ausstellung &quot;Topographie des Terrors&quot; zur Dokumentation und Aufarbeitung des Nationalsozialismus\" src=\"http:\/\/uli-freese.de\/neu\/wp-content\/uploads\/2015\/09\/20150901_BPA_Guben_Topo.JPG\" alt=\"(Foto: B\u00fcrgerb\u00fcro MdB Freese, D. S\u00fc\u00dfmilch)\" width=\"300\" height=\"225\" srcset=\"https:\/\/uli-freese.de\/neu\/wp-content\/uploads\/2015\/09\/20150901_BPA_Guben_Topo.JPG 1000w, https:\/\/uli-freese.de\/neu\/wp-content\/uploads\/2015\/09\/20150901_BPA_Guben_Topo-300x225.jpg 300w, https:\/\/uli-freese.de\/neu\/wp-content\/uploads\/2015\/09\/20150901_BPA_Guben_Topo-768x576.jpg 768w\" sizes=\"(max-width: 300px) 100vw, 300px\" \/>Eine Besonderheit der aktuellen Fahrt des Gubener B\u00fcros waren die Besuche im Bundesrat, Bundestag und Bundeskanzleramt. Somit besuchten die Teilnehmer aus der Region Guben und D\u00f6bern, drei der vier deutschen Verfassungsorgane, lediglich das Bundespr\u00e4sisalamt stand nicht auf dem Programm. &#8222;So nah an die Zentren der Entscheidungen kommt man nicht alle Tage&#8220;, war die einhellige Meinung vieler Teilnehmer wie mein Mitarbeiter und &#8222;Reiseleiter&#8220; Dirk S\u00fc\u00dfmilch nach der Fahrt berichten konnte. Nicht nur die Schaupl\u00e4tze der aktuellen Politik stehen bei einer solchen politischen Bildungsfahrt &#8211; die \u00fcbrigens auch als zus\u00e4tzlicher Bildungsurlaub beim Arbeitgeber beantragt werden kann &#8211; standen auf dem Programm. Zum Reiseprogramm geh\u00f6rten auch Besuche von Ausstellungen und Gedenkst\u00e4tten.&nbsp;Bewegt zeigten sich die Teilnehmerinnen und Teilnehmer nach dem Besuch der Ausstellung &#8222;Topografie des Terros&#8220; und der Holocaust Gedenkst\u00e4tte.&nbsp;<\/p>\n<p><img loading=\"lazy\" class=\" alignright size-full wp-image-959\" style=\"float: right;\" title=\"Ilona Dulig aus Guben konnte ich als 1.500 Besucherin seit meinem Amtsantritt in Berlin begr\u00fc\u00dfen\" src=\"http:\/\/uli-freese.de\/neu\/wp-content\/uploads\/2015\/09\/20150902_BPA_Guben_1500_Besucherin.JPG\" alt=\"(Foto: B\u00fcrgerb\u00fcro MdB Freese, D. S\u00fc\u00dfmilch)\" width=\"300\" height=\"229\" srcset=\"https:\/\/uli-freese.de\/neu\/wp-content\/uploads\/2015\/09\/20150902_BPA_Guben_1500_Besucherin.JPG 1000w, https:\/\/uli-freese.de\/neu\/wp-content\/uploads\/2015\/09\/20150902_BPA_Guben_1500_Besucherin-300x229.jpg 300w, https:\/\/uli-freese.de\/neu\/wp-content\/uploads\/2015\/09\/20150902_BPA_Guben_1500_Besucherin-768x585.jpg 768w\" sizes=\"(max-width: 300px) 100vw, 300px\" \/>Besonders gefreut hat mich, dass ich im Rahmen der Fahrt die 1500. Besucherin aus meinem Wahlkreis begr\u00fc\u00dfen und zu diesem Jubil\u00e4um begl\u00fcckw\u00fcnschen konnte. Ilona Dulig aus Guben war die Gl\u00fcckliche, die ich nach einem Besuch im Plenarsaal unter der Reichstagskuppel mit den anderen Besucherinnen und Besuchern zu einem politischen Gedankenaustausch begr\u00fc\u00dfen konnte. Dabei diskutierten wir nat\u00fcrlich auch \u00fcber die aktuelle Fl\u00fcchtlingssituation und die Einfl\u00fcsse der Bundespolitik auf die Lausitz. Im Anschluss habe ich die Gruppe noch zu einem Kuppelbesuch und dem obligatorischen Gruppenfoto auf das Dach des Reichstages begleitet.<\/p>\n<p><img loading=\"lazy\" class=\" size-full wp-image-960\" title=\"Gruppenfoto unter der Kuppel \" src=\"http:\/\/uli-freese.de\/neu\/wp-content\/uploads\/2015\/09\/20150902_BPA_Guben_Gruppe_Kuppel.JPG\" alt=\"(Foto: Bundespresseamt)\" width=\"686\" height=\"458\" \/><br \/><em>(Foto: Bundespresseamt &#8211; Download f\u00fcr alle FahrtteilnehmerInnen <a href=\"http:\/\/uli-freese.de\/neu\/wp-content\/uploads\/2015\/09\/Freese_Ulrich_Roland-gruppenfoto.jpg\" target=\"_blank\">hier in voller Aufl\u00f6sung<\/a>)<\/em> <\/p>\n<p>Weitere Fotos der Fahrt finden Sie auf meiner Facebookseite im Album <a href=\"https:\/\/www.facebook.com\/media\/set\/?set=a.1060327653978498.1073741846.550158624995406&amp;type=1&amp;l=d28e701f95\" target=\"_blank\">&#8222;BPA Fahrt 2015 Guben&#8220;<\/a>:<\/p>\n<div id=\"fb-root\"><\/div>\n<p><script>(function(d, s, id) {  var js, fjs = d.getElementsByTagName(s)[0];  if (d.getElementById(id)) return;  js = d.createElement(s); js.id = id;  js.src = \"\/\/connect.facebook.net\/de_DE\/sdk.js#xfbml=1&version=v2.3\";  fjs.parentNode.insertBefore(js, fjs);}(document, 'script', 'facebook-jssdk'));<\/script><\/p>\n<div class=\"fb-post\" data-href=\"https:\/\/www.facebook.com\/media\/set\/?set=a.1060327653978498.1073741846.550158624995406&amp;type=3\" data-width=\"686\">\n<div class=\"fb-xfbml-parse-ignore\">\n<blockquote cite=\"https:\/\/www.facebook.com\/media\/set\/?set=a.1060327653978498.1073741846.550158624995406&amp;type=3\">\n<p>Zwei spannende Tage in Berlin liegen hinter rund 50 B&#xfc;rgerinnen und B&#xfc;rgern meines Wahlkreises, haupts&#xe4;chlich aus der&#8230;<\/p>\n<p>Posted by <a href=\"https:\/\/www.facebook.com\/ulifreese\">Uli Freese<\/a> on&nbsp;<a href=\"https:\/\/www.facebook.com\/media\/set\/?set=a.1060327653978498.1073741846.550158624995406&amp;type=3\">Montag, 14. September 2015<\/a><\/p><\/blockquote>\n<\/div>\n<\/div>\n","protected":false},"excerpt":{"rendered":"<p>Rund 50 B\u00fcrgerinnen und B\u00fcrger aus meinem Wahlkreis besuchten im Rahmen der diesj\u00e4hrigen dritten sogenannten &#8222;BPA-Fahrt&#8220; am 1. und 2. September die Bundeshauptstadt. Organisiert werden diese Zweitagesfahrten mit \u00dcbernachtung vom Bundespresseamt, j\u00e4hrlich kann jeder Abgeordnete vier Reisegruppen nach Berlin einladen. In meinem Wahlkreis teile ich die Fahrten auf meine vier Wahlkreisb\u00fcros auf, so dass jeweils [&hellip;]<\/p>\n","protected":false},"author":1,"featured_media":957,"comment_status":"closed","ping_status":"open","sticky":false,"template":"","format":"standard","meta":[],"categories":[3],"tags":[],"_links":{"self":[{"href":"https:\/\/uli-freese.de\/neu\/wp-json\/wp\/v2\/posts\/962"}],"collection":[{"href":"https:\/\/uli-freese.de\/neu\/wp-json\/wp\/v2\/posts"}],"about":[{"href":"https:\/\/uli-freese.de\/neu\/wp-json\/wp\/v2\/types\/post"}],"author":[{"embeddable":true,"href":"https:\/\/uli-freese.de\/neu\/wp-json\/wp\/v2\/users\/1"}],"replies":[{"embeddable":true,"href":"https:\/\/uli-freese.de\/neu\/wp-json\/wp\/v2\/comments?post=962"}],"version-history":[{"count":1,"href":"https:\/\/uli-freese.de\/neu\/wp-json\/wp\/v2\/posts\/962\/revisions"}],"predecessor-version":[{"id":2066,"href":"https:\/\/uli-freese.de\/neu\/wp-json\/wp\/v2\/posts\/962\/revisions\/2066"}],"wp:featuredmedia":[{"embeddable":true,"href":"https:\/\/uli-freese.de\/neu\/wp-json\/wp\/v2\/media\/957"}],"wp:attachment":[{"href":"https:\/\/uli-freese.de\/neu\/wp-json\/wp\/v2\/media?parent=962"}],"wp:term":[{"taxonomy":"category","embeddable":true,"href":"https:\/\/uli-freese.de\/neu\/wp-json\/wp\/v2\/categories?post=962"},{"taxonomy":"post_tag","embeddable":true,"href":"https:\/\/uli-freese.de\/neu\/wp-json\/wp\/v2\/tags?post=962"}],"curies":[{"name":"wp","href":"https:\/\/api.w.org\/{rel}","templated":true}]}}