{"id":969,"date":"2015-09-19T19:21:16","date_gmt":"2015-09-19T17:21:16","guid":{"rendered":"http:\/\/uli-freese.de\/neu\/2015\/09\/19\/samstag-im-wahlkreis-handwerk-bauwerk-hilfswerk\/"},"modified":"2018-01-22T16:06:27","modified_gmt":"2018-01-22T15:06:27","slug":"samstag-im-wahlkreis-handwerk-bauwerk-hilfswerk","status":"publish","type":"post","link":"https:\/\/uli-freese.de\/neu\/2015\/09\/19\/samstag-im-wahlkreis-handwerk-bauwerk-hilfswerk\/","title":{"rendered":"Mein Samstag im Wahlkreis: Handwerk, Bauwerk, Hilfswerk"},"content":{"rendered":"<p><img loading=\"lazy\" class=\" alignright size-full wp-image-966\" style=\"float: right;\" title=\"Tag des Handwerks in der Cottbuser Stadthalle\" src=\"http:\/\/uli-freese.de\/neu\/wp-content\/uploads\/2015\/09\/20150919_tagdeshandwerks1.jpg\" alt=\"(Foto: MdB Ulrich Freese)\" width=\"300\" height=\"185\" srcset=\"https:\/\/uli-freese.de\/neu\/wp-content\/uploads\/2015\/09\/20150919_tagdeshandwerks1.jpg 1000w, https:\/\/uli-freese.de\/neu\/wp-content\/uploads\/2015\/09\/20150919_tagdeshandwerks1-300x185.jpg 300w, https:\/\/uli-freese.de\/neu\/wp-content\/uploads\/2015\/09\/20150919_tagdeshandwerks1-768x472.jpg 768w\" sizes=\"(max-width: 300px) 100vw, 300px\" \/>Am heutigen Samstag habe ich in meinem Wahlkreis drei Termine wahrgenommen: Los ging es Vormittag mit dem &#8222;Tag des Meisters&#8220; der Handwerkskammer Cottbus. Diese hatte dazu am&nbsp;deutschlandweiten f\u00fcnften Tag des Handwerks zu einer Festveranstaltung geladen. Mehr als 800 Handwerker feierten 146 Jungmeister und Betriebswirte der regionalen Handwerksbetriebe. Au\u00dferdem wurden \u00fcber 120 Meister nach 25 Jahren mit dem silbernen Meisterbrief geehrt. Das alles unter den Augen des Ehrengastest Reiner Calmund, der ins seiner Rede Parallelen zwischen dem Fu\u00dfball und Handwerk fand.&nbsp;<\/p>\n<p><img loading=\"lazy\" class=\" alignright size-full wp-image-967\" style=\"float: right;\" title=\"Im Gespr\u00e4ch mit Regional- und Stadtplaner Christoph Dieck \u00fcber die drei Entw\u00fcrfe zur Bebauung der Cottbuser Stadtpromenade\" src=\"http:\/\/uli-freese.de\/neu\/wp-content\/uploads\/2015\/09\/20150919_blechencarre.jpg\" alt=\"(Foto: B\u00fcrgerb\u00fcro MdB Freese, Michael Heger)\" width=\"300\" height=\"169\" srcset=\"https:\/\/uli-freese.de\/neu\/wp-content\/uploads\/2015\/09\/20150919_blechencarre.jpg 1000w, https:\/\/uli-freese.de\/neu\/wp-content\/uploads\/2015\/09\/20150919_blechencarre-300x169.jpg 300w, https:\/\/uli-freese.de\/neu\/wp-content\/uploads\/2015\/09\/20150919_blechencarre-768x432.jpg 768w\" sizes=\"(max-width: 300px) 100vw, 300px\" \/>Am Nachmittag habe ich mir dann im Blechen Carr\u00e9 die drei Entw\u00fcrfe zur Erweiterung des Einkaufszentrums und damit der Entwicklung der Stadtpromenade in der Cottbus Innenstadt angeschaut. Die Entw\u00fcrfe stammen von zwei Cottbuser und einem Berliner Architekturb\u00fcro, und wurden am 11. September von einer Jury im Architektonischen und St\u00e4dtebaulichen Gutachterverfahren aus zwischen Juli und September eingereichten Arbeiten als Empfehlung ausgew\u00e4hlt. Der Stadt- und Regionalplaner Dipl-Ing. Christoph Dieck erl\u00e4uterte mir die jeweiligen Entw\u00fcrfe. Herr Dieck ist Mitarbeiter im Architekturb\u00fcro des&nbsp;als Vermittler zwischen Stadt Cottbus und Investor eingesetzten BTU-Professors Heinz Nagler.&nbsp;In unserem Gespr\u00e4ch wurden die Vor- und Nachteile der verschiedenen Planungen sowie deren positiven oder negativen Auswirkungen auf bestehende Strukturen wie die Sprem er\u00f6rtert.&nbsp;Ziel des von vielen hundert B\u00fcrgerinnen und B\u00fcrgern genutzten B\u00fcrgerdialoges im 1. OG des Einkaufszentrums war es f\u00fcr das Gremium des Gutachterverfahrens zur Stadtpromenade Anregungen der B\u00fcrger in eine abschlie\u00dfende Empfehlung an die Stadt einzuarbeiten, die am 30. September den Stadtverordneten vorgelegt werden soll. Mir pers\u00f6nlich sagte der Entwurf 2 zu, bei dem die Achse der Stadtpromenade vom bestehenden Blechen Carr\u00e9 \u00fcber eine m\u00f6gliche Markthalle am Postparkplatz bis hin zum Berliner Platz und damit der Spreegalerie erschlossen und gest\u00e4rkt werden w\u00fcrde.<\/p>\n<p><img loading=\"lazy\" class=\" alignright size-full wp-image-968\" style=\"float: right;\" title=\"Zu Gast beim THW Ortsverband Cottbus - Gemeinsame Ansprache mit dem Ortsbeauftragten Sven Grabs\" src=\"http:\/\/uli-freese.de\/neu\/wp-content\/uploads\/2015\/09\/20150919_THW_OV_CB.jpg\" alt=\"(Foto: B\u00fcrgerb\u00fcro MdB Freese, Michael Heger)\" width=\"300\" height=\"169\" srcset=\"https:\/\/uli-freese.de\/neu\/wp-content\/uploads\/2015\/09\/20150919_THW_OV_CB.jpg 960w, https:\/\/uli-freese.de\/neu\/wp-content\/uploads\/2015\/09\/20150919_THW_OV_CB-300x169.jpg 300w, https:\/\/uli-freese.de\/neu\/wp-content\/uploads\/2015\/09\/20150919_THW_OV_CB-768x432.jpg 768w\" sizes=\"(max-width: 300px) 100vw, 300px\" \/>Heute Abend besuchte ich dann den Ortsverband des Technischen Hilswerks in Cottbus.&nbsp;Dort habe ich bei einem Grillabend den Cottbuser Helferinnen und Helfern f\u00fcr ihre Arbeit in den vergangenen zw\u00f6lf Monaten gedankt. Ich habe mich sehr gefreut, dass mich der Cottbuser Ortsbeauftragte Sven Grabs und sein Team auch in diesem Jahr wieder zur ihrem Grillabend eingeladen haben. &#8222;Die Arbeit der Ehrenamtlichen ist der Kit unserer Gesellschaft&#8220;, das habe ich in meiner kurzen Ansprache auch den Anwesenden gesagt. Auch die derzeitige Fl\u00fcchtlingskrise war ein Thema, welches vor allem auch die eherenamtliche Helfer von THW derzeit immer wieder auf den Plan ruft und auch in den kommenden Monaten vor Herausforderungen stellen wird.<\/p>\n<p>Morgen steht \u00fcbrigens ein traditioneller Termin in meinem Kalender: Das Cottbuser Oktoberfest auf dem Altmarkt.<\/p>\n","protected":false},"excerpt":{"rendered":"<p>Am heutigen Samstag habe ich in meinem Wahlkreis drei Termine wahrgenommen: Los ging es Vormittag mit dem &#8222;Tag des Meisters&#8220; der Handwerkskammer Cottbus. Diese hatte dazu am&nbsp;deutschlandweiten f\u00fcnften Tag des Handwerks zu einer Festveranstaltung geladen. Mehr als 800 Handwerker feierten 146 Jungmeister und Betriebswirte der regionalen Handwerksbetriebe. Au\u00dferdem wurden \u00fcber 120 Meister nach 25 Jahren [&hellip;]<\/p>\n","protected":false},"author":1,"featured_media":965,"comment_status":"closed","ping_status":"open","sticky":false,"template":"","format":"standard","meta":[],"categories":[3],"tags":[],"_links":{"self":[{"href":"https:\/\/uli-freese.de\/neu\/wp-json\/wp\/v2\/posts\/969"}],"collection":[{"href":"https:\/\/uli-freese.de\/neu\/wp-json\/wp\/v2\/posts"}],"about":[{"href":"https:\/\/uli-freese.de\/neu\/wp-json\/wp\/v2\/types\/post"}],"author":[{"embeddable":true,"href":"https:\/\/uli-freese.de\/neu\/wp-json\/wp\/v2\/users\/1"}],"replies":[{"embeddable":true,"href":"https:\/\/uli-freese.de\/neu\/wp-json\/wp\/v2\/comments?post=969"}],"version-history":[{"count":1,"href":"https:\/\/uli-freese.de\/neu\/wp-json\/wp\/v2\/posts\/969\/revisions"}],"predecessor-version":[{"id":2063,"href":"https:\/\/uli-freese.de\/neu\/wp-json\/wp\/v2\/posts\/969\/revisions\/2063"}],"wp:featuredmedia":[{"embeddable":true,"href":"https:\/\/uli-freese.de\/neu\/wp-json\/wp\/v2\/media\/965"}],"wp:attachment":[{"href":"https:\/\/uli-freese.de\/neu\/wp-json\/wp\/v2\/media?parent=969"}],"wp:term":[{"taxonomy":"category","embeddable":true,"href":"https:\/\/uli-freese.de\/neu\/wp-json\/wp\/v2\/categories?post=969"},{"taxonomy":"post_tag","embeddable":true,"href":"https:\/\/uli-freese.de\/neu\/wp-json\/wp\/v2\/tags?post=969"}],"curies":[{"name":"wp","href":"https:\/\/api.w.org\/{rel}","templated":true}]}}