{"id":971,"date":"2015-09-19T05:12:26","date_gmt":"2015-09-19T03:12:26","guid":{"rendered":"http:\/\/uli-freese.de\/neu\/2015\/09\/19\/facebook-ist-kein-rechtsfreier-raum\/"},"modified":"2018-01-22T16:06:27","modified_gmt":"2018-01-22T15:06:27","slug":"facebook-ist-kein-rechtsfreier-raum","status":"publish","type":"post","link":"https:\/\/uli-freese.de\/neu\/2015\/09\/19\/facebook-ist-kein-rechtsfreier-raum\/","title":{"rendered":"Facebook ist kein rechtsfreier Raum!"},"content":{"rendered":"<p>Auch wenn unser Justizminister Heiko Maas in den letzten Tagen konstruktive Gespr\u00e4che mit Facebook gef\u00fchrt hat, oftmals reicht eine Meldung von m\u00f6glicherweise strafrechtlich relevanten Inhalten aus den Tiefen des Netzwerkes beim Internetkonzern nicht aus. Deshalb sollten wir in solchen F\u00e4llen wie gerade in Spremberg Zivilcourage zeigen. &nbsp;<\/p>\n<p><img loading=\"lazy\" class=\" size-full wp-image-970\" title=\"Artikel in der Lausitzer Rundschau\" src=\"http:\/\/uli-freese.de\/neu\/wp-content\/uploads\/2015\/09\/20150919_LR_Facebookhetze.jpg\" alt=\"(Quelle: Artikel Lausitzer Lausitzer Rundschau vom 19.9.2015, Titelseite)\" width=\"686\" height=\"449\" srcset=\"https:\/\/uli-freese.de\/neu\/wp-content\/uploads\/2015\/09\/20150919_LR_Facebookhetze.jpg 960w, https:\/\/uli-freese.de\/neu\/wp-content\/uploads\/2015\/09\/20150919_LR_Facebookhetze-300x196.jpg 300w, https:\/\/uli-freese.de\/neu\/wp-content\/uploads\/2015\/09\/20150919_LR_Facebookhetze-768x502.jpg 768w\" sizes=\"(max-width: 686px) 100vw, 686px\" \/><\/p>\n<p>(Quelle: Artikel Lausitzer Lausitzer Rundschau vom 19.9.2015, Titelseite)<\/p>\n","protected":false},"excerpt":{"rendered":"<p>Auch wenn unser Justizminister Heiko Maas in den letzten Tagen konstruktive Gespr\u00e4che mit Facebook gef\u00fchrt hat, oftmals reicht eine Meldung von m\u00f6glicherweise strafrechtlich relevanten Inhalten aus den Tiefen des Netzwerkes beim Internetkonzern nicht aus. Deshalb sollten wir in solchen F\u00e4llen wie gerade in Spremberg Zivilcourage zeigen. &nbsp; (Quelle: Artikel Lausitzer Lausitzer Rundschau vom 19.9.2015, Titelseite)<\/p>\n","protected":false},"author":1,"featured_media":970,"comment_status":"closed","ping_status":"open","sticky":false,"template":"","format":"standard","meta":[],"categories":[5],"tags":[],"_links":{"self":[{"href":"https:\/\/uli-freese.de\/neu\/wp-json\/wp\/v2\/posts\/971"}],"collection":[{"href":"https:\/\/uli-freese.de\/neu\/wp-json\/wp\/v2\/posts"}],"about":[{"href":"https:\/\/uli-freese.de\/neu\/wp-json\/wp\/v2\/types\/post"}],"author":[{"embeddable":true,"href":"https:\/\/uli-freese.de\/neu\/wp-json\/wp\/v2\/users\/1"}],"replies":[{"embeddable":true,"href":"https:\/\/uli-freese.de\/neu\/wp-json\/wp\/v2\/comments?post=971"}],"version-history":[{"count":1,"href":"https:\/\/uli-freese.de\/neu\/wp-json\/wp\/v2\/posts\/971\/revisions"}],"predecessor-version":[{"id":2064,"href":"https:\/\/uli-freese.de\/neu\/wp-json\/wp\/v2\/posts\/971\/revisions\/2064"}],"wp:featuredmedia":[{"embeddable":true,"href":"https:\/\/uli-freese.de\/neu\/wp-json\/wp\/v2\/media\/970"}],"wp:attachment":[{"href":"https:\/\/uli-freese.de\/neu\/wp-json\/wp\/v2\/media?parent=971"}],"wp:term":[{"taxonomy":"category","embeddable":true,"href":"https:\/\/uli-freese.de\/neu\/wp-json\/wp\/v2\/categories?post=971"},{"taxonomy":"post_tag","embeddable":true,"href":"https:\/\/uli-freese.de\/neu\/wp-json\/wp\/v2\/tags?post=971"}],"curies":[{"name":"wp","href":"https:\/\/api.w.org\/{rel}","templated":true}]}}