{"id":972,"date":"2015-09-22T14:11:59","date_gmt":"2015-09-22T12:11:59","guid":{"rendered":"http:\/\/uli-freese.de\/neu\/2015\/09\/22\/pm-wir-verbessern-das-krankenhausstrukturgesetz\/"},"modified":"2018-01-22T16:06:27","modified_gmt":"2018-01-22T15:06:27","slug":"pm-wir-verbessern-das-krankenhausstrukturgesetz","status":"publish","type":"post","link":"https:\/\/uli-freese.de\/neu\/2015\/09\/22\/pm-wir-verbessern-das-krankenhausstrukturgesetz\/","title":{"rendered":"PM: Wir verbessern das Krankenhausstrukturgesetz"},"content":{"rendered":"<h3>MdB Ulrich Freese zu den Protesten der Deutschen Krankenhausgesellschaft und rund 100 Mitarbeitern des CTK am Mittwoch, den 23. September 2015 in Berlin<\/h3>\n<p>Cottbus\/Berlin. <strong>Zu den Protesten der Deutschen Krankenhausgesellschaft und des Carl-Thiem-Klinikums erkl\u00e4rt der Lausitzer SPD-Bundestagsabgeordnete Ulrich Freese: Die SPD-Bundestagsfraktion ist sich der schwierigen Situation vieler Krankenh\u00e4user bewusst. Daher nehmen wir die Sorgen und Anfragen der Kliniken, die in Verbindung mit dem anstehenden Krankenhausstrukturgesetz ge\u00e4u\u00dfert wurden, sehr ernst. In den parlamentarischen Beratungen setzen wir uns daher daf\u00fcr ein, den Gesetzesentwurf an entscheidenden Stellen zu verbessern.<\/strong><\/p>\n<p>Oberstes Ziel der SPD in den Verhandlungen ist die Verbesserung der Situation des Pflegepersonals in den Krankenh\u00e4usern sowie die Beseitigung des Personalnotstandes. Dies haben wir in den Gespr\u00e4chen mit der Deutschen Krankenhausgesellschaft deutlich gemacht.<\/p>\n<p>Eine oft formulierte Kritik der Krankenh\u00e4user ist der Wegfall des sogenannten Versorgungszuschlags. Die SPD ist hier grunds\u00e4tzlich bereit, auf die Krankenh\u00e4user zuzugehen, um den Versorgungszuschlag zweckgebunden f\u00fcr mehr Pflegepersonal zu erhalten. Wir setzen au\u00dferdem weiterhin auf eine finanzielle Aufstockung des Pflegestellenf\u00f6rderprogramms. F\u00fcr die SPD-Bundestagsfraktion steht ganz klar fest, dass der Einsatz zus\u00e4tzlicher finanzieller Mittel der Beitragszahlerinnen und Beitragszahler nur dann gerechtfertigt ist, wenn diese unmittelbar den Patientinnen und Patienten sowie den Besch\u00e4ftigten in den Krankenh\u00e4usern zugutekommen.<\/p>\n<p>Langfristig wollen wir mit der zu schaffenden Expertenkommission, konkrete Vorgaben erarbeiten, wie Pflege besser innerhalb der Krankenhausverg\u00fctung abgebildet werden kann und wie eine gesetzliche Personalbemessung in den Kliniken aussehen sollte.<\/p>\n<p>Wir sind \u00fcberzeugt, dass wir im laufenden Gesetzgebungsverfahren gute Vorschl\u00e4ge zur Verbesserung des Krankenhausstrukturgesetzes erarbeiten werden.<\/p>\n","protected":false},"excerpt":{"rendered":"<p>MdB Ulrich Freese zu den Protesten der Deutschen Krankenhausgesellschaft und rund 100 Mitarbeitern des CTK am Mittwoch, den 23. September 2015 in Berlin Cottbus\/Berlin. Zu den Protesten der Deutschen Krankenhausgesellschaft und des Carl-Thiem-Klinikums erkl\u00e4rt der Lausitzer SPD-Bundestagsabgeordnete Ulrich Freese: Die SPD-Bundestagsfraktion ist sich der schwierigen Situation vieler Krankenh\u00e4user bewusst. Daher nehmen wir die Sorgen und [&hellip;]<\/p>\n","protected":false},"author":1,"featured_media":0,"comment_status":"closed","ping_status":"open","sticky":false,"template":"","format":"standard","meta":[],"categories":[5],"tags":[],"_links":{"self":[{"href":"https:\/\/uli-freese.de\/neu\/wp-json\/wp\/v2\/posts\/972"}],"collection":[{"href":"https:\/\/uli-freese.de\/neu\/wp-json\/wp\/v2\/posts"}],"about":[{"href":"https:\/\/uli-freese.de\/neu\/wp-json\/wp\/v2\/types\/post"}],"author":[{"embeddable":true,"href":"https:\/\/uli-freese.de\/neu\/wp-json\/wp\/v2\/users\/1"}],"replies":[{"embeddable":true,"href":"https:\/\/uli-freese.de\/neu\/wp-json\/wp\/v2\/comments?post=972"}],"version-history":[{"count":1,"href":"https:\/\/uli-freese.de\/neu\/wp-json\/wp\/v2\/posts\/972\/revisions"}],"predecessor-version":[{"id":2062,"href":"https:\/\/uli-freese.de\/neu\/wp-json\/wp\/v2\/posts\/972\/revisions\/2062"}],"wp:attachment":[{"href":"https:\/\/uli-freese.de\/neu\/wp-json\/wp\/v2\/media?parent=972"}],"wp:term":[{"taxonomy":"category","embeddable":true,"href":"https:\/\/uli-freese.de\/neu\/wp-json\/wp\/v2\/categories?post=972"},{"taxonomy":"post_tag","embeddable":true,"href":"https:\/\/uli-freese.de\/neu\/wp-json\/wp\/v2\/tags?post=972"}],"curies":[{"name":"wp","href":"https:\/\/api.w.org\/{rel}","templated":true}]}}