{"id":974,"date":"2015-09-25T11:49:30","date_gmt":"2015-09-25T09:49:30","guid":{"rendered":"http:\/\/uli-freese.de\/neu\/2015\/09\/25\/besuch-aus-meinem-betreuungswahlkreis-spd-ov-fuerstenwalde-im-reichstag\/"},"modified":"2018-01-22T16:06:27","modified_gmt":"2018-01-22T15:06:27","slug":"besuch-aus-meinem-betreuungswahlkreis-spd-ov-fuerstenwalde-im-reichstag","status":"publish","type":"post","link":"https:\/\/uli-freese.de\/neu\/2015\/09\/25\/besuch-aus-meinem-betreuungswahlkreis-spd-ov-fuerstenwalde-im-reichstag\/","title":{"rendered":"Besuch aus meinem Betreuungswahlkreis: SPD OV F\u00fcrstenwalde im Reichstag"},"content":{"rendered":"<p><img loading=\"lazy\" class=\" size-full wp-image-973\" title=\"Besuchergruppe aus dem Betreungswahlkreis: Genossinnen und Genossen des SPD OV F\u00fcrstenwalde\" src=\"http:\/\/uli-freese.de\/neu\/wp-content\/uploads\/2015\/09\/20150925_SPD_OV_Fuerstenwalde_Reichstag_mit_uli.jpg\" alt=\"(Foto: Bundestagsb\u00fcro MdB Freese, Martin Pean)\" width=\"686\" height=\"457\" srcset=\"https:\/\/uli-freese.de\/neu\/wp-content\/uploads\/2015\/09\/20150925_SPD_OV_Fuerstenwalde_Reichstag_mit_uli.jpg 1080w, https:\/\/uli-freese.de\/neu\/wp-content\/uploads\/2015\/09\/20150925_SPD_OV_Fuerstenwalde_Reichstag_mit_uli-300x200.jpg 300w, https:\/\/uli-freese.de\/neu\/wp-content\/uploads\/2015\/09\/20150925_SPD_OV_Fuerstenwalde_Reichstag_mit_uli-768x512.jpg 768w, https:\/\/uli-freese.de\/neu\/wp-content\/uploads\/2015\/09\/20150925_SPD_OV_Fuerstenwalde_Reichstag_mit_uli-1024x683.jpg 1024w\" sizes=\"(max-width: 686px) 100vw, 686px\" \/><\/p>\n<p>Heute bekam ich Besuch des SPD OV F\u00fcrstenwalde, also aus meinem Betreuungswahlkreis. Unter anderm nahm der Ortsvereinsvorsitzende Stefan Sarrach an der Fahrt nach Berlin teil, genauso wie Lars Wendland, der in den letzten Wochen schon mit anderen Gruppen und auch Sch\u00fclern zu Gast im Deutschen Bundestag war. Nach dem Besuch der heutigen Plenarsitzung um 11:00 Uhr gab es nat\u00fcrlich auch ein Gespr\u00e4ch zu aktuellen politischen Themen aus dem Wahlkreis und der Bundespolitik mit mir.&nbsp;Nat\u00fcrlich war das Thema Zuwanderungspolitik und Deutschland als Einwanderungsland dabei ein Thema, genau wie die Zukunft der Lausitz. Dabei hat mich sehr das Interesse in F\u00fcrstenwalde an einem Industriestandort Lausitz gefreut. Au\u00dferdem haben wir uns \u00fcber eine \u00f6kologische und am Tierwohl orientierten Landwirtschaft und Tierhaltung ausgetauscht, ehe es f\u00fcr meine Besucher zum Mittagessen ins Paul-L\u00f6be-Haus ging. Im Anschluss steht f\u00fcr die F\u00fcrstenwalder Genossinnen und Genossen noch ein Besuch des Willy-Brandt-Forums mit einer F\u00fchrung durch die Ausstellung auf dem Berliner Besuchsprogramm. Ich freue mich schon auf die n\u00e4chste Besuchergruppe aus F\u00fcrstenwalde, wenn 50 B\u00fcrgerinnen und B\u00fcrger des Betreuungswahlkreises mit der BPA-Fahrt am 17. und 18.11.2015 in Berlin sein werden.<\/p>\n","protected":false},"excerpt":{"rendered":"<p>Heute bekam ich Besuch des SPD OV F\u00fcrstenwalde, also aus meinem Betreuungswahlkreis. Unter anderm nahm der Ortsvereinsvorsitzende Stefan Sarrach an der Fahrt nach Berlin teil, genauso wie Lars Wendland, der in den letzten Wochen schon mit anderen Gruppen und auch Sch\u00fclern zu Gast im Deutschen Bundestag war. Nach dem Besuch der heutigen Plenarsitzung um 11:00 [&hellip;]<\/p>\n","protected":false},"author":1,"featured_media":973,"comment_status":"closed","ping_status":"open","sticky":false,"template":"","format":"standard","meta":[],"categories":[3],"tags":[],"_links":{"self":[{"href":"https:\/\/uli-freese.de\/neu\/wp-json\/wp\/v2\/posts\/974"}],"collection":[{"href":"https:\/\/uli-freese.de\/neu\/wp-json\/wp\/v2\/posts"}],"about":[{"href":"https:\/\/uli-freese.de\/neu\/wp-json\/wp\/v2\/types\/post"}],"author":[{"embeddable":true,"href":"https:\/\/uli-freese.de\/neu\/wp-json\/wp\/v2\/users\/1"}],"replies":[{"embeddable":true,"href":"https:\/\/uli-freese.de\/neu\/wp-json\/wp\/v2\/comments?post=974"}],"version-history":[{"count":1,"href":"https:\/\/uli-freese.de\/neu\/wp-json\/wp\/v2\/posts\/974\/revisions"}],"predecessor-version":[{"id":2061,"href":"https:\/\/uli-freese.de\/neu\/wp-json\/wp\/v2\/posts\/974\/revisions\/2061"}],"wp:featuredmedia":[{"embeddable":true,"href":"https:\/\/uli-freese.de\/neu\/wp-json\/wp\/v2\/media\/973"}],"wp:attachment":[{"href":"https:\/\/uli-freese.de\/neu\/wp-json\/wp\/v2\/media?parent=974"}],"wp:term":[{"taxonomy":"category","embeddable":true,"href":"https:\/\/uli-freese.de\/neu\/wp-json\/wp\/v2\/categories?post=974"},{"taxonomy":"post_tag","embeddable":true,"href":"https:\/\/uli-freese.de\/neu\/wp-json\/wp\/v2\/tags?post=974"}],"curies":[{"name":"wp","href":"https:\/\/api.w.org\/{rel}","templated":true}]}}