{"id":978,"date":"2015-09-30T12:56:01","date_gmt":"2015-09-30T10:56:01","guid":{"rendered":"http:\/\/uli-freese.de\/neu\/2015\/09\/30\/brandenburger-gespraech-im-bundestag\/"},"modified":"2018-01-22T16:06:27","modified_gmt":"2018-01-22T15:06:27","slug":"brandenburger-gespraech-im-bundestag","status":"publish","type":"post","link":"https:\/\/uli-freese.de\/neu\/2015\/09\/30\/brandenburger-gespraech-im-bundestag\/","title":{"rendered":"Brandenburger Gespr\u00e4ch im Bundestag"},"content":{"rendered":"<p><img loading=\"lazy\" class=\" size-full wp-image-977\" title=\"Arbeitsgespr\u00e4ch der SPD-Landesgruppe Brandenburg im Deutschen Bundestag mit Brandenburgs Wirtschaftsminister Albrecht Gerber\" src=\"http:\/\/uli-freese.de\/neu\/wp-content\/uploads\/2015\/09\/20150930_Berlin_LG_Brandenburg_mit_Albrecht_Gerber.jpg\" alt=\"(Foto: Bundestagsb\u00fcro MdB Freese)\" width=\"686\" height=\"515\" srcset=\"https:\/\/uli-freese.de\/neu\/wp-content\/uploads\/2015\/09\/20150930_Berlin_LG_Brandenburg_mit_Albrecht_Gerber.jpg 1000w, https:\/\/uli-freese.de\/neu\/wp-content\/uploads\/2015\/09\/20150930_Berlin_LG_Brandenburg_mit_Albrecht_Gerber-300x225.jpg 300w, https:\/\/uli-freese.de\/neu\/wp-content\/uploads\/2015\/09\/20150930_Berlin_LG_Brandenburg_mit_Albrecht_Gerber-768x576.jpg 768w\" sizes=\"(max-width: 686px) 100vw, 686px\" \/><\/p>\n<p>Heute Morgen hat sich die SPD-Landesgruppe Brandenburg in Berlin mit Brandenburgs Wirtschafts-und Energieminister Albrecht Gerber zu einem gemeinsamen Arbeitsfr\u00fchst\u00fcck getroffen. Dabei standen einige Themen auf dem Programm: Der Ausbau mit Breitbandkabel f\u00fcr schnelles Internet auch im l\u00e4ndlichen Raum, um Industrie 4.0 auch im Fl\u00e4chenland Brandenburg voran treiben zu k\u00f6nnen. Au\u00dferdem der Ausbau der Wasser- und Schifffahrtswege zur Entlastung von Stra\u00dfe und Schiene. Ein weiteres Thema war die Integration von Fl\u00fcchtlingen, insbesondere in Klein- und Mittelbetrieben.<\/p>\n<p>Gespr\u00e4che dieser Art sind hilfreich um Brandenburger Themen auch auf Bundesebene einzubringen. Das Motto &#8222;Bund, Stadt,Land &#8211; politisch Hand in Hand&#8220; wird hier deutlich. So geht erfolgreiche Politik, die nicht nur An- und Verk\u00fcndigungspolitik ist.<\/p>\n","protected":false},"excerpt":{"rendered":"<p>Heute Morgen hat sich die SPD-Landesgruppe Brandenburg in Berlin mit Brandenburgs Wirtschafts-und Energieminister Albrecht Gerber zu einem gemeinsamen Arbeitsfr\u00fchst\u00fcck getroffen. Dabei standen einige Themen auf dem Programm: Der Ausbau mit Breitbandkabel f\u00fcr schnelles Internet auch im l\u00e4ndlichen Raum, um Industrie 4.0 auch im Fl\u00e4chenland Brandenburg voran treiben zu k\u00f6nnen. Au\u00dferdem der Ausbau der Wasser- und [&hellip;]<\/p>\n","protected":false},"author":1,"featured_media":977,"comment_status":"closed","ping_status":"open","sticky":false,"template":"","format":"standard","meta":[],"categories":[3],"tags":[],"_links":{"self":[{"href":"https:\/\/uli-freese.de\/neu\/wp-json\/wp\/v2\/posts\/978"}],"collection":[{"href":"https:\/\/uli-freese.de\/neu\/wp-json\/wp\/v2\/posts"}],"about":[{"href":"https:\/\/uli-freese.de\/neu\/wp-json\/wp\/v2\/types\/post"}],"author":[{"embeddable":true,"href":"https:\/\/uli-freese.de\/neu\/wp-json\/wp\/v2\/users\/1"}],"replies":[{"embeddable":true,"href":"https:\/\/uli-freese.de\/neu\/wp-json\/wp\/v2\/comments?post=978"}],"version-history":[{"count":1,"href":"https:\/\/uli-freese.de\/neu\/wp-json\/wp\/v2\/posts\/978\/revisions"}],"predecessor-version":[{"id":2059,"href":"https:\/\/uli-freese.de\/neu\/wp-json\/wp\/v2\/posts\/978\/revisions\/2059"}],"wp:featuredmedia":[{"embeddable":true,"href":"https:\/\/uli-freese.de\/neu\/wp-json\/wp\/v2\/media\/977"}],"wp:attachment":[{"href":"https:\/\/uli-freese.de\/neu\/wp-json\/wp\/v2\/media?parent=978"}],"wp:term":[{"taxonomy":"category","embeddable":true,"href":"https:\/\/uli-freese.de\/neu\/wp-json\/wp\/v2\/categories?post=978"},{"taxonomy":"post_tag","embeddable":true,"href":"https:\/\/uli-freese.de\/neu\/wp-json\/wp\/v2\/tags?post=978"}],"curies":[{"name":"wp","href":"https:\/\/api.w.org\/{rel}","templated":true}]}}