{"id":987,"date":"2015-10-12T12:49:05","date_gmt":"2015-10-12T10:49:05","guid":{"rendered":"http:\/\/uli-freese.de\/neu\/2015\/10\/12\/pm-spd-spree-neisse-mit-neuem-vorstand-und-neuen-zielen\/"},"modified":"2018-01-22T16:06:26","modified_gmt":"2018-01-22T15:06:26","slug":"pm-spd-spree-neisse-mit-neuem-vorstand-und-neuen-zielen","status":"publish","type":"post","link":"https:\/\/uli-freese.de\/neu\/2015\/10\/12\/pm-spd-spree-neisse-mit-neuem-vorstand-und-neuen-zielen\/","title":{"rendered":"PM: SPD Spree-Nei\u00dfe mit neuem Vorstand und neuen Zielen"},"content":{"rendered":"<p><img loading=\"lazy\" class=\" alignright size-full wp-image-986\" style=\"float: right;\" title=\"Der neu gew\u00e4hlte Vorstand des SPD Unterbezirks Spree-Nei\u00dfe um den wiedergew\u00e4hlten Vorsitzenden Ulrich Freese, MdB\" src=\"http:\/\/uli-freese.de\/neu\/wp-content\/uploads\/2015\/10\/20151009_SPD_UB_SPN_Vorstandswahl_Kausche.JPG\" alt=\"(Foto: SPD UB SPN, Gerhard Wenzel)\" width=\"300\" height=\"225\" srcset=\"https:\/\/uli-freese.de\/neu\/wp-content\/uploads\/2015\/10\/20151009_SPD_UB_SPN_Vorstandswahl_Kausche.JPG 1000w, https:\/\/uli-freese.de\/neu\/wp-content\/uploads\/2015\/10\/20151009_SPD_UB_SPN_Vorstandswahl_Kausche-300x225.jpg 300w, https:\/\/uli-freese.de\/neu\/wp-content\/uploads\/2015\/10\/20151009_SPD_UB_SPN_Vorstandswahl_Kausche-768x576.jpg 768w\" sizes=\"(max-width: 300px) 100vw, 300px\" \/>Am vergangenen Freitag w\u00e4hlten die Delegierten der SPD Spree-Nei\u00dfe in Kausche turnusgem\u00e4\u00df einen neuen Vorstand. <strong>Ulrich Freese, MdB<\/strong>, wurde mit fast 90%iger Zustimmung als Vorsitzender des Unterbezirks im Amt best\u00e4tigt. Als stellvertretende Vorsitzende fungieren<strong> Philipp Wesemann<\/strong> aus Forst sowie <strong>Mario M\u00fcller<\/strong> aus Kolkwitz.<br \/>F\u00fcr die Amtszeit von zwei Jahren wird Helmut Lie\u00df aus Forst das Amt des Kassierers wahrnehmen. Komplettiert wurde der Vorstand mit Martin Bleidie\u00dfel aus Felixsee, Alexander Fritzke und Ralf Hugler aus Spremberg, Ilse Jannaschk aus Guben, Ralf Hermwapelhorst aus Schwarze Pumpe sowie Volker Schulze aus Welzow.<br \/>Die Amtszeit von 2013-2015 war von zahlreichen Wahlen gepr\u00e4gt. Der wiedergew\u00e4hlte SPD Vorsitzende Ulrich Freese, MdB stellte fest, \u201edass bei den drei zur\u00fcckliegenden B\u00fcrgermeisterwahlen, die Mehrheit der CDU in den Rath\u00e4usern gebrochen werden konnte. Die 24j\u00e4hrige, Schwarz-Gelbe Dominanz in Spremberg und in Forst, wurde beendet und in Peitz stellt die SPD mit J\u00f6rg Krackow ebenfalls den B\u00fcrgermeister\u201c.<\/p>\n<p>\u201eDieser Weg der Verankerung der SPD in F\u00fchrungsverantwortung in kommunalen Gebietsk\u00f6rperschaften ist das Ziel in den n\u00e4chsten zwei Jahren\u201c, so Freese weiter.<br \/>Als Gast des Parteitages sprach der Fraktionsvorsitzende Klaus Ness zu den Delegierten. Dabei hob er die Notwendigkeit, dass Land Brandenburg von seinen Verwaltungs- und Gebietsstrukturen bis zum Ende dieses Jahrhunderts zukunftsfest aufzustellen, hervor. \u201eDie demographische und wirtschaftliche Entwicklung der Regionen sind die entscheidenden Faktoren, die diesen Prozess notwendig machen\u201c, erl\u00e4uterte Ness abschlie\u00dfend.<\/p>\n","protected":false},"excerpt":{"rendered":"<p>Am vergangenen Freitag w\u00e4hlten die Delegierten der SPD Spree-Nei\u00dfe in Kausche turnusgem\u00e4\u00df einen neuen Vorstand. Ulrich Freese, MdB, wurde mit fast 90%iger Zustimmung als Vorsitzender des Unterbezirks im Amt best\u00e4tigt. Als stellvertretende Vorsitzende fungieren Philipp Wesemann aus Forst sowie Mario M\u00fcller aus Kolkwitz.F\u00fcr die Amtszeit von zwei Jahren wird Helmut Lie\u00df aus Forst das Amt [&hellip;]<\/p>\n","protected":false},"author":1,"featured_media":986,"comment_status":"closed","ping_status":"open","sticky":false,"template":"","format":"standard","meta":[],"categories":[5],"tags":[],"_links":{"self":[{"href":"https:\/\/uli-freese.de\/neu\/wp-json\/wp\/v2\/posts\/987"}],"collection":[{"href":"https:\/\/uli-freese.de\/neu\/wp-json\/wp\/v2\/posts"}],"about":[{"href":"https:\/\/uli-freese.de\/neu\/wp-json\/wp\/v2\/types\/post"}],"author":[{"embeddable":true,"href":"https:\/\/uli-freese.de\/neu\/wp-json\/wp\/v2\/users\/1"}],"replies":[{"embeddable":true,"href":"https:\/\/uli-freese.de\/neu\/wp-json\/wp\/v2\/comments?post=987"}],"version-history":[{"count":1,"href":"https:\/\/uli-freese.de\/neu\/wp-json\/wp\/v2\/posts\/987\/revisions"}],"predecessor-version":[{"id":2056,"href":"https:\/\/uli-freese.de\/neu\/wp-json\/wp\/v2\/posts\/987\/revisions\/2056"}],"wp:featuredmedia":[{"embeddable":true,"href":"https:\/\/uli-freese.de\/neu\/wp-json\/wp\/v2\/media\/986"}],"wp:attachment":[{"href":"https:\/\/uli-freese.de\/neu\/wp-json\/wp\/v2\/media?parent=987"}],"wp:term":[{"taxonomy":"category","embeddable":true,"href":"https:\/\/uli-freese.de\/neu\/wp-json\/wp\/v2\/categories?post=987"},{"taxonomy":"post_tag","embeddable":true,"href":"https:\/\/uli-freese.de\/neu\/wp-json\/wp\/v2\/tags?post=987"}],"curies":[{"name":"wp","href":"https:\/\/api.w.org\/{rel}","templated":true}]}}