{"id":990,"date":"2015-10-13T08:24:09","date_gmt":"2015-10-13T06:24:09","guid":{"rendered":"http:\/\/uli-freese.de\/neu\/2015\/10\/13\/pm-sprache-bildung-und-arbeit-fuer-eine-gelungene-integration\/"},"modified":"2018-01-22T16:06:26","modified_gmt":"2018-01-22T15:06:26","slug":"pm-sprache-bildung-und-arbeit-fuer-eine-gelungene-integration","status":"publish","type":"post","link":"https:\/\/uli-freese.de\/neu\/2015\/10\/13\/pm-sprache-bildung-und-arbeit-fuer-eine-gelungene-integration\/","title":{"rendered":"PM: Sprache, Bildung und Arbeit f\u00fcr eine gelungene Integration"},"content":{"rendered":"<h3 style=\"text-align: left;\" align=\"center\">Gemeinsame Pressemitteilung&nbsp;der Landesgruppe Brandenburg der SPD-Bundestagsfraktion&nbsp;(Dr. Frank-Walter Steinmeier,&nbsp;Dagmar Ziegler, Ulrich Freese,&nbsp;Andrea Wicklein, Stefan Zierke)&nbsp;und dem brandenburgischen Wirtschaftsminister Albrecht Gerber (SPD):<\/h3>\n<p style=\"text-align: left;\" align=\"center\"><img loading=\"lazy\" class=\" alignright size-full wp-image-988\" style=\"float: right;\" title=\"Arbeitsgespr\u00e4ch der SPD-Landesgruppe Brandenburg im Deutschen Bundestag mit Brandenburgs Wirtschaftsminister Albrecht Gerber\" src=\"http:\/\/uli-freese.de\/neu\/wp-content\/uploads\/2015\/10\/20150930_Berlin_LG_Brandenburg_mit_Albrecht_Gerber.jpg\" alt=\"(Foto: Bundestagsb\u00fcro MdB Freese, G. Schl\u00fcter)\" width=\"300\" height=\"225\" srcset=\"https:\/\/uli-freese.de\/neu\/wp-content\/uploads\/2015\/10\/20150930_Berlin_LG_Brandenburg_mit_Albrecht_Gerber.jpg 1000w, https:\/\/uli-freese.de\/neu\/wp-content\/uploads\/2015\/10\/20150930_Berlin_LG_Brandenburg_mit_Albrecht_Gerber-300x225.jpg 300w, https:\/\/uli-freese.de\/neu\/wp-content\/uploads\/2015\/10\/20150930_Berlin_LG_Brandenburg_mit_Albrecht_Gerber-768x576.jpg 768w\" sizes=\"(max-width: 300px) 100vw, 300px\" \/>Berlin. Vor dem Hintergrund der aktuellen Entwicklungen in der Fl\u00fcchtlingspolitik sprechen sich die SPD-Bundestagsabgeordneten der Landesgruppe Brandenburg sowie der brandenburgische Wirtschaftsminister, Albrecht Gerber (SPD), f\u00fcr Integrationsma\u00dfnahmen aus, um Gefl\u00fcchtete schneller als bislang zu besch\u00e4ftigen und in die Zivilgesellschaft einzubinden.<\/p>\n<p style=\"text-align: left;\">\u201eWir sehen es als wichtig an, dass im Zusammenhang mit dem Erstaufnahmeprozedere auch die Qualifikationen der Fl\u00fcchtlinge erfasst werden, um sie dann zielgenau in die Betriebe vermitteln zu k\u00f6nnen. In einem zweiten Schritt brauchen wir Regelungen, die den Unternehmen in Brandenburg Planungs- und Rechtssicherheit geben. Kein Betrieb wird jemanden einstellen, wenn er nicht wei\u00df, ob derjenige dann auch bleiben wird. Daher sollen Fl\u00fcchtlinge mit guter Bleibeperspektive auch nach abgeschlossener Ausbildung f\u00fcr mindestens zwei Jahre arbeiten d\u00fcrfen\u201c, so Zierke und Gerber.<\/p>\n<p style=\"text-align: left;\">Die bisherigen arbeitsrechtlichen Regelungen sehen vor, dass Fl\u00fcchtlinge in der Ausbildungszeit Schutz genie\u00dfen, auch wenn ihr Antrag w\u00e4hrenddessen abgelehnt wird. Nun schlie\u00dft sich auch die Landesgruppe Brandenburg der SPD-Spitze an, die eine Ausweitung dieser Regelung fordert, sodass Fl\u00fcchtlinge und Arbeitgeber mindestens zwei Jahre nach der Ausbildung sicher planen k\u00f6nnen.<\/p>\n<p style=\"text-align: left;\">Dar\u00fcber hinaus soll es mehr Deutsch- und Integrationskurse geben sowie die M\u00f6glichkeit, den Schulabschluss nachzuholen, um m\u00f6glichst schnell eine Ausbildung beginnen zu k\u00f6nnen.<\/p>\n<p style=\"text-align: left;\">\u201eSprache, Bildung und Arbeit sind die Schl\u00fcsselkompetenzen, um Fl\u00fcchtlingen mit Chance auf Asyl eine mittelfristige Perspektive zu geben. Sie m\u00fcssen aus den beengten Unterk\u00fcnften raus und einer geordneten T\u00e4tigkeit nachgehen, die ihnen und unsere Gesellschaft zugutekommt\u201c, erg\u00e4nzt Stefan Zierke.<\/p>\n<p style=\"text-align: left;\"><em>Diese Pressemitteilung steht auch<a href=\"http:\/\/uli-freese.de\/neu\/wp-content\/uploads\/2015\/10\/20151013-PM-LG-BRB-Integration-Flchtlinge.pdf\" target=\"_blank\"> als PDF-Datei zum Herunterladen<\/a> zur Verf\u00fcgung<\/em><\/p>\n","protected":false},"excerpt":{"rendered":"<p>Gemeinsame Pressemitteilung&nbsp;der Landesgruppe Brandenburg der SPD-Bundestagsfraktion&nbsp;(Dr. Frank-Walter Steinmeier,&nbsp;Dagmar Ziegler, Ulrich Freese,&nbsp;Andrea Wicklein, Stefan Zierke)&nbsp;und dem brandenburgischen Wirtschaftsminister Albrecht Gerber (SPD): Berlin. Vor dem Hintergrund der aktuellen Entwicklungen in der Fl\u00fcchtlingspolitik sprechen sich die SPD-Bundestagsabgeordneten der Landesgruppe Brandenburg sowie der brandenburgische Wirtschaftsminister, Albrecht Gerber (SPD), f\u00fcr Integrationsma\u00dfnahmen aus, um Gefl\u00fcchtete schneller als bislang zu besch\u00e4ftigen und [&hellip;]<\/p>\n","protected":false},"author":1,"featured_media":988,"comment_status":"closed","ping_status":"open","sticky":false,"template":"","format":"standard","meta":[],"categories":[5],"tags":[],"_links":{"self":[{"href":"https:\/\/uli-freese.de\/neu\/wp-json\/wp\/v2\/posts\/990"}],"collection":[{"href":"https:\/\/uli-freese.de\/neu\/wp-json\/wp\/v2\/posts"}],"about":[{"href":"https:\/\/uli-freese.de\/neu\/wp-json\/wp\/v2\/types\/post"}],"author":[{"embeddable":true,"href":"https:\/\/uli-freese.de\/neu\/wp-json\/wp\/v2\/users\/1"}],"replies":[{"embeddable":true,"href":"https:\/\/uli-freese.de\/neu\/wp-json\/wp\/v2\/comments?post=990"}],"version-history":[{"count":1,"href":"https:\/\/uli-freese.de\/neu\/wp-json\/wp\/v2\/posts\/990\/revisions"}],"predecessor-version":[{"id":2055,"href":"https:\/\/uli-freese.de\/neu\/wp-json\/wp\/v2\/posts\/990\/revisions\/2055"}],"wp:featuredmedia":[{"embeddable":true,"href":"https:\/\/uli-freese.de\/neu\/wp-json\/wp\/v2\/media\/988"}],"wp:attachment":[{"href":"https:\/\/uli-freese.de\/neu\/wp-json\/wp\/v2\/media?parent=990"}],"wp:term":[{"taxonomy":"category","embeddable":true,"href":"https:\/\/uli-freese.de\/neu\/wp-json\/wp\/v2\/categories?post=990"},{"taxonomy":"post_tag","embeddable":true,"href":"https:\/\/uli-freese.de\/neu\/wp-json\/wp\/v2\/tags?post=990"}],"curies":[{"name":"wp","href":"https:\/\/api.w.org\/{rel}","templated":true}]}}