{"id":991,"date":"2015-10-14T14:15:45","date_gmt":"2015-10-14T12:15:45","guid":{"rendered":"http:\/\/uli-freese.de\/neu\/2015\/10\/14\/verbesserte-foerderung-fuer-klimaschutz-in-kommunen-kommunalrichtline-am-1-oktober-2015-in-kraft-getreten\/"},"modified":"2018-01-22T16:06:26","modified_gmt":"2018-01-22T15:06:26","slug":"verbesserte-foerderung-fuer-klimaschutz-in-kommunen-kommunalrichtline-am-1-oktober-2015-in-kraft-getreten","status":"publish","type":"post","link":"https:\/\/uli-freese.de\/neu\/2015\/10\/14\/verbesserte-foerderung-fuer-klimaschutz-in-kommunen-kommunalrichtline-am-1-oktober-2015-in-kraft-getreten\/","title":{"rendered":"Verbesserte F\u00f6rderung f\u00fcr Klimaschutz in Kommunen &#8211; Kommunalrichtline am 1. Oktober 2015 in Kraft getreten"},"content":{"rendered":"<p><strong>Die erfolgreiche F\u00f6rderung von Klimaschutzma\u00dfnahmen in Kommunen durch die Nationale Klimaschutzinitiative des Bundesumweltministeriums wird deutlich ausgeweitet: Es werden neue F\u00f6rderschwerpunkte eingef\u00fchrt und verbesserte F\u00f6rderbedingungen f\u00fcr finanzschwache Kommunen geschaffen. Sie bietet nun noch mehr Handlungsm\u00f6glichkeiten f\u00fcr Kommunen. Deutlich gesteigert wird insbesondere die investive F\u00f6rderung. Antr\u00e4ge k\u00f6nnen ab sofort gestellt werden.<\/strong><\/p>\n<p>Die \u201eRichtlinie zur F\u00f6rderung von Klimasc hutzprojekten in sozialen, kulturellen und \u00f6ffentlichen Einrichtungen im Rahmen der Nationalen Klimaschutzinitiative\u201c (Kommunalrichtlinie) ist ein Erfolgsmodell: Seit 2008 profitieren Kommunen von der F\u00f6rderung durch die Nationale Klimaschutzinitiative des Bundesumweltministeriums. In den vergangenen Jahren wurden rund 3.000 Kommunen in \u00fcber 8.000 Projekten dabei unterst\u00fctzt, ihre Treibhausgasemissionen zu reduzieren.<\/p>\n<h3>Die wichtigsten \u00c4nderungen im \u00dcberblick:<\/h3>\n<ul>\n<li>Erh\u00f6hte F\u00f6rderquoten f\u00fcr finanzschwache Kommunen jetzt auch im investiven Bereich.<\/li>\n<li>Gef\u00f6rdert werden die Sanierung von Au\u00dfen-, Stra\u00dfenbeleuchtungs- und Lichtsignalanlagen durch LED-Beleuchtung zus\u00e4tzlich zum Einbau hocheffizienter LEDs bei der Sanierung von Innen- und Hallenbeleuchtung. Weiterhin werden die Sanierung und der Austausch raumlufttechnischer Ger\u00e4te bezuschusst.<\/li>\n<li>F\u00fcr Klimaschutzinvestitionen in Anlagen und Geb\u00e4uden von Kindertagesst\u00e4tten, Schulen, Jugendfreizeiteinrichtungen, Sportst\u00e4tten und Schwimmhallen wird ein neuer F\u00f6rderschwerpunkt mit erh\u00f6hten F\u00f6rderquoten eingef\u00fchrt.<\/li>\n<li>Die F\u00f6rderung nachhaltiger Mobilit\u00e4t erh\u00e4lt ein gr\u00f6\u00dferes Angebot und h\u00f6here maximale Zuwendungen. Hier profitiert insbesondere der Radverkehr.<\/li>\n<li>F\u00fcr die in-situ-Stabilisierung stillgelegter Siedlungsabfalldeponien ist eine h\u00f6here maximale Zuwendung m\u00f6glich.<\/li>\n<li>Bei Energiesparmodellen gibt es ein neues Starterpaket. Hier werden Ausgaben f\u00fcr p\u00e4dagogische Arbeit und geringinvestive Ma\u00dfnahmen bezuschusst.<\/li>\n<\/ul>\n<p>&nbsp;<\/p>\n<p>Antr\u00e4ge k\u00f6nnen ab sofort bis zum 31. M\u00e4rz 2016 beim Projekttr\u00e4ger J\u00fclich (PtJ) eingereicht werden. Weitere Antragsfenster sind f\u00fcr den 1. Juli bis 30. September 2016 sowie in 2017 vorgesehen.<\/p>\n<p>Als Unterst\u00fctzungseinrichtung f\u00fcr Kommunen steht im Auftrag des Bundesumweltministeriums das Service- und Kompetenzzentrum: Kommunaler Klimaschutz (SK:KK) mit einer Hotline unter der Rufnummer 030\/39001-170 f\u00fcr Beratung und Information zur Verf\u00fcgung (www.klimaschutz.de\/kommunen).<\/p>\n<p>Mit der Novellierung der Kommunalrichtlinie werden auch Ma\u00dfnahmen aus dem \u201eAktionsprogramm Klimaschutz 2020\u201c sowie niederschwellige Klimaschutzma\u00dfnahmen aus dem \u201eProgramm Sanierung kommunaler Einrichtungen in den Bereichen Sport, Jugend und Kultur\u201c im Rahmen des Zukunftsinvestitionsprogramms der Bundesregierung umgesetzt.<\/p>\n<p>Weitere Informationen zum Antragsverfahren beim PtJ unter <a href=\"http:\/\/www.ptj.de\/klimaschutzinitiative-kommunen\" target=\"_blank\">www.ptj.de<\/a>.<\/p>\n<p>Informationen zur Nationalen Klimaschutzinitiative unter <a href=\"http:\/\/www.klimaschutz.de\/\" target=\"_blank\">www.klimaschutz.de<\/a>. &nbsp;<\/p>\n","protected":false},"excerpt":{"rendered":"<p>Die erfolgreiche F\u00f6rderung von Klimaschutzma\u00dfnahmen in Kommunen durch die Nationale Klimaschutzinitiative des Bundesumweltministeriums wird deutlich ausgeweitet: Es werden neue F\u00f6rderschwerpunkte eingef\u00fchrt und verbesserte F\u00f6rderbedingungen f\u00fcr finanzschwache Kommunen geschaffen. Sie bietet nun noch mehr Handlungsm\u00f6glichkeiten f\u00fcr Kommunen. Deutlich gesteigert wird insbesondere die investive F\u00f6rderung. Antr\u00e4ge k\u00f6nnen ab sofort gestellt werden. Die \u201eRichtlinie zur F\u00f6rderung von Klimasc [&hellip;]<\/p>\n","protected":false},"author":1,"featured_media":0,"comment_status":"closed","ping_status":"open","sticky":false,"template":"","format":"standard","meta":[],"categories":[3],"tags":[],"_links":{"self":[{"href":"https:\/\/uli-freese.de\/neu\/wp-json\/wp\/v2\/posts\/991"}],"collection":[{"href":"https:\/\/uli-freese.de\/neu\/wp-json\/wp\/v2\/posts"}],"about":[{"href":"https:\/\/uli-freese.de\/neu\/wp-json\/wp\/v2\/types\/post"}],"author":[{"embeddable":true,"href":"https:\/\/uli-freese.de\/neu\/wp-json\/wp\/v2\/users\/1"}],"replies":[{"embeddable":true,"href":"https:\/\/uli-freese.de\/neu\/wp-json\/wp\/v2\/comments?post=991"}],"version-history":[{"count":1,"href":"https:\/\/uli-freese.de\/neu\/wp-json\/wp\/v2\/posts\/991\/revisions"}],"predecessor-version":[{"id":2054,"href":"https:\/\/uli-freese.de\/neu\/wp-json\/wp\/v2\/posts\/991\/revisions\/2054"}],"wp:attachment":[{"href":"https:\/\/uli-freese.de\/neu\/wp-json\/wp\/v2\/media?parent=991"}],"wp:term":[{"taxonomy":"category","embeddable":true,"href":"https:\/\/uli-freese.de\/neu\/wp-json\/wp\/v2\/categories?post=991"},{"taxonomy":"post_tag","embeddable":true,"href":"https:\/\/uli-freese.de\/neu\/wp-json\/wp\/v2\/tags?post=991"}],"curies":[{"name":"wp","href":"https:\/\/api.w.org\/{rel}","templated":true}]}}