{"id":993,"date":"2015-10-15T13:46:52","date_gmt":"2015-10-15T11:46:52","guid":{"rendered":"http:\/\/uli-freese.de\/neu\/2015\/10\/15\/cottbus-zeigt-herz-zusammenstehen-fuer-ein-weltoffenes-cottbus\/"},"modified":"2018-01-22T16:06:26","modified_gmt":"2018-01-22T15:06:26","slug":"cottbus-zeigt-herz-zusammenstehen-fuer-ein-weltoffenes-cottbus","status":"publish","type":"post","link":"https:\/\/uli-freese.de\/neu\/2015\/10\/15\/cottbus-zeigt-herz-zusammenstehen-fuer-ein-weltoffenes-cottbus\/","title":{"rendered":"&#8222;Cottbus zeigt Herz!&#8220; &#038; &#8222;Spremberg &#8211; Eine Stadt f\u00fcr Alle!&#8220;"},"content":{"rendered":"<p><strong>Diesen beiden Aufrufen des &#8222;Cottbuser Aufbruch&#8220; und vieler Spremberger m\u00f6chte ich gerne folgen und auch an dieser Stelle zur Teilnahme aufrufen:<\/strong><\/p>\n<h3>Cottbus zeigt Herz! &#8211;&nbsp;Zusammenstehen f\u00fcr ein weltoffenes Cottbus<\/h3>\n<div>\n<p>\u201eEs ist wieder Zeit, dass Cottbus sein weltoffenes Gesicht zeigt\u201c,&nbsp;beschreibt Dr. Martina M\u00fcnch, Sprecherin des Cottbuser Aufbruchs, die Motivation, am Freitag, dem 16. Oktober 2015, ab 16.00 Uhr, ein Hoffest auf dem Gel\u00e4nde der Fl\u00fcchtlingsunterkunft an der Poznaner Str. zu veranstalten.<\/p>\n<p><img loading=\"lazy\" class=\" alignright size-full wp-image-992\" style=\"float: right;\" src=\"http:\/\/uli-freese.de\/neu\/wp-content\/uploads\/2015\/10\/20151013_Aufruf_Cottbuser_Aufbruch.jpg\" alt=\"20151013 Aufruf Cottbuser Aufbruch\" width=\"300\" height=\"362\" srcset=\"https:\/\/uli-freese.de\/neu\/wp-content\/uploads\/2015\/10\/20151013_Aufruf_Cottbuser_Aufbruch.jpg 726w, https:\/\/uli-freese.de\/neu\/wp-content\/uploads\/2015\/10\/20151013_Aufruf_Cottbuser_Aufbruch-249x300.jpg 249w\" sizes=\"(max-width: 300px) 100vw, 300px\" \/>Wir rufen alle demokratischen Parteien und gesellschaftlichen&nbsp;Gruppen dazu auf, sich an dem Hoffest zu beteiligen. Geplant ist&nbsp;ein buntes Programm, bei dem Begegnungen stattfinden k\u00f6nnen&nbsp;und ein deutliches Signal gegen Fremdenfeindlichkeit gesetzt&nbsp;wird.<\/p>\n<p>Menschen aus aller Welt suchen Schutz vor Krieg und Vertreibung in Deutschland. Dies stellt uns alle vor gro\u00dfe Herausforderungen. Auch in Cottbus haben viele Menschen Zuflucht gefunden. Die zahlreichen positiven Reaktionen aus der Bev\u00f6lkerung zeigen das gro\u00dfe Engagement und die Bereitschaft, diese Menschen bei uns willkommen zu hei\u00dfen. Wir stellen uns gegen jede Form von Ausl\u00e4nderfeindlichkeit, Rassismus und Gewalt.<\/p>\n<p>Mit der Hoffest wollen wir ein Zeichen setzen, dass Cottbus eine&nbsp;weltoffene und tolerante Stadt ist, in der Menschen aller Herkunftsl\u00e4nder friedlich zusammenleben k\u00f6nnen.<\/p>\n<p>Wir laden daher alle Cottbuserinnen und Cottbuser ein, an dem&nbsp;Hoffest teilzunehmen.<\/p>\n<p>&nbsp;<\/p>\n<h3>Eine Stadt f\u00fcr Alle \u2013 F\u00fcr ein weltoffenes und tolerantes Spremberg.<\/h3>\n<p>In Spremberg leben schon seit langem Fl\u00fcchtlinge und Asylbewerber unter uns und mit uns.&nbsp;<br \/>Weitere werden in den n\u00e4chsten Wochen und Monaten zu uns kommen, um Schutz und Sicherheit zu finden.&nbsp;Sie werden gemeinsam mit uns in unserer Stadt leben.<\/p>\n<p>Viele B\u00fcrgerinnen und B\u00fcrger unserer Stadt engagieren sich bereits jetzt&nbsp;ehrenamtlich bei der Betreuung und unterst\u00fctzen die Integration.&nbsp;<\/p>\n<p>Sie zeigen, das f\u00fcr uns Spremberger, die humanit\u00e4re Hilfe&nbsp;f\u00fcr Menschen in Not ein ehrliches Anliegen ist.<\/p>\n<p>Am&nbsp;Samstag, 17. Oktober 2015 um 15 Uhr&nbsp;<\/p>\n<p>findet in der&nbsp;Spremberger Kreuzkirche&nbsp;eine Gebetsandacht statt,&nbsp;um gemeinsam ein weltoffenes und tolerantes Spremberg zu zeigen.<\/p>\n<p>Unterst\u00fctzen Sie diese Initiative!&nbsp;Kommen Sie in die Kreuzkirche!&nbsp;Wir tun es auch!<\/p>\n<\/p><\/div>\n","protected":false},"excerpt":{"rendered":"<p>Diesen beiden Aufrufen des &#8222;Cottbuser Aufbruch&#8220; und vieler Spremberger m\u00f6chte ich gerne folgen und auch an dieser Stelle zur Teilnahme aufrufen: Cottbus zeigt Herz! &#8211;&nbsp;Zusammenstehen f\u00fcr ein weltoffenes Cottbus \u201eEs ist wieder Zeit, dass Cottbus sein weltoffenes Gesicht zeigt\u201c,&nbsp;beschreibt Dr. Martina M\u00fcnch, Sprecherin des Cottbuser Aufbruchs, die Motivation, am Freitag, dem 16. Oktober 2015, ab [&hellip;]<\/p>\n","protected":false},"author":1,"featured_media":992,"comment_status":"closed","ping_status":"open","sticky":false,"template":"","format":"standard","meta":[],"categories":[3],"tags":[],"_links":{"self":[{"href":"https:\/\/uli-freese.de\/neu\/wp-json\/wp\/v2\/posts\/993"}],"collection":[{"href":"https:\/\/uli-freese.de\/neu\/wp-json\/wp\/v2\/posts"}],"about":[{"href":"https:\/\/uli-freese.de\/neu\/wp-json\/wp\/v2\/types\/post"}],"author":[{"embeddable":true,"href":"https:\/\/uli-freese.de\/neu\/wp-json\/wp\/v2\/users\/1"}],"replies":[{"embeddable":true,"href":"https:\/\/uli-freese.de\/neu\/wp-json\/wp\/v2\/comments?post=993"}],"version-history":[{"count":1,"href":"https:\/\/uli-freese.de\/neu\/wp-json\/wp\/v2\/posts\/993\/revisions"}],"predecessor-version":[{"id":2053,"href":"https:\/\/uli-freese.de\/neu\/wp-json\/wp\/v2\/posts\/993\/revisions\/2053"}],"wp:featuredmedia":[{"embeddable":true,"href":"https:\/\/uli-freese.de\/neu\/wp-json\/wp\/v2\/media\/992"}],"wp:attachment":[{"href":"https:\/\/uli-freese.de\/neu\/wp-json\/wp\/v2\/media?parent=993"}],"wp:term":[{"taxonomy":"category","embeddable":true,"href":"https:\/\/uli-freese.de\/neu\/wp-json\/wp\/v2\/categories?post=993"},{"taxonomy":"post_tag","embeddable":true,"href":"https:\/\/uli-freese.de\/neu\/wp-json\/wp\/v2\/tags?post=993"}],"curies":[{"name":"wp","href":"https:\/\/api.w.org\/{rel}","templated":true}]}}