{"id":997,"date":"2015-10-16T19:04:17","date_gmt":"2015-10-16T17:04:17","guid":{"rendered":"http:\/\/uli-freese.de\/neu\/2015\/10\/16\/cottbus-zeigt-herz-brandenburg-steht-zusammen-gegen-rechtsradikalismus-und-hass\/"},"modified":"2018-01-22T16:06:26","modified_gmt":"2018-01-22T15:06:26","slug":"cottbus-zeigt-herz-brandenburg-steht-zusammen-gegen-rechtsradikalismus-und-hass","status":"publish","type":"post","link":"https:\/\/uli-freese.de\/neu\/2015\/10\/16\/cottbus-zeigt-herz-brandenburg-steht-zusammen-gegen-rechtsradikalismus-und-hass\/","title":{"rendered":"Cottbus zeigt Herz: Brandenburg steht zusammen gegen Rechtsradikalismus und Hass"},"content":{"rendered":"<p><img loading=\"lazy\" class=\" size-full wp-image-994\" title=\"Freudige Momente beim Hoffest lassen die traurigen Momente und die Strapazen der Flucht f\u00fcr einen Moment in den Hintergrund treten\" src=\"http:\/\/uli-freese.de\/neu\/wp-content\/uploads\/2015\/10\/20151016_Hoffest_1.jpg\" alt=\"20151016 Hoffest 1\" width=\"686\" height=\"459\" srcset=\"https:\/\/uli-freese.de\/neu\/wp-content\/uploads\/2015\/10\/20151016_Hoffest_1.jpg 2048w, https:\/\/uli-freese.de\/neu\/wp-content\/uploads\/2015\/10\/20151016_Hoffest_1-300x201.jpg 300w, https:\/\/uli-freese.de\/neu\/wp-content\/uploads\/2015\/10\/20151016_Hoffest_1-768x514.jpg 768w, https:\/\/uli-freese.de\/neu\/wp-content\/uploads\/2015\/10\/20151016_Hoffest_1-1024x685.jpg 1024w\" sizes=\"(max-width: 686px) 100vw, 686px\" \/>&#8222;Cottbus zeigt Herz&#8220; lautete der Aufruf f\u00fcr das heutige Hoffest in der Erstaufnahmeeinrichtung in der Poznaner Stra\u00dfe in Cottbus.<\/p>\n<p>Und was mich besonders freut: Cottbus hat heute Abend sehr viel Herz gezeigt! Mehrere hundert Cottbuserinnen und Cottbuser und ihre G\u00e4ste waren ab 16 Uhr zum Hoffest erschienen. Sp\u00e4ter kamen auch die Teilnehmer des Demonstrationszuges von &#8222;Cottbus Nazifrei&#8220; auf den Platz vor die Unterkunft und feierten mit.<\/p>\n<p><img loading=\"lazy\" class=\" alignright size-full wp-image-995\" style=\"float: right;\" title=\"Wolfgang Luplow (AWO) begr\u00fc\u00dft Ministerpr\u00e4sident Dietmar Woidke zum Hoffest in der Erstaufnahmeeinrichtung\" src=\"http:\/\/uli-freese.de\/neu\/wp-content\/uploads\/2015\/10\/20151016_Hoffest_2.jpg\" alt=\"20151016 Hoffest 2\" width=\"300\" height=\"201\" srcset=\"https:\/\/uli-freese.de\/neu\/wp-content\/uploads\/2015\/10\/20151016_Hoffest_2.jpg 2048w, https:\/\/uli-freese.de\/neu\/wp-content\/uploads\/2015\/10\/20151016_Hoffest_2-300x201.jpg 300w, https:\/\/uli-freese.de\/neu\/wp-content\/uploads\/2015\/10\/20151016_Hoffest_2-768x514.jpg 768w, https:\/\/uli-freese.de\/neu\/wp-content\/uploads\/2015\/10\/20151016_Hoffest_2-1024x685.jpg 1024w\" sizes=\"(max-width: 300px) 100vw, 300px\" \/>Organisiert hatte dieses Hoffest der &#8222;Cottbuser Aufbruch&#8220;, um ein buntes Zeichen gegen zwei Demonstrationen von NPD und Asylkritikern zu setzen. Neben vielen kommunalen und Landespolitikern aller demokratischen Parteien waren auch Brandenburgs Wirtschaftsminister Albrecht Gerber, der SPD-Fraktionschef&nbsp;Klaus Ness&nbsp;sowie unser Brandenburger Ministerpr\u00e4sident&nbsp;Dietmar Woidke&nbsp;der Einladung der AWO Cottbus und von&nbsp;Dr. Martina M\u00fcnch&nbsp;als Sprecherin des&nbsp;Cottbuser Aufbruch gefolgt.<\/p>\n<div>\n<p>Ministerpr\u00e4sident Dietmar Woidke bedankte sich bei den vielen Besucherinnen und Besuchern des Festes und betonte in seiner Rede: &#8222;Es geht darum Menschlichkeit zu zeigen, Humanit\u00e4t zu zeigen und die Menschen auch mal in den Arm zu nehmen&#8220;, und sprach aber auch die Herausforderungen vor allem f\u00fcr die Kommunen vor Ort bei der Unterbringung und Verpflegung an.<\/p>\n<p><img loading=\"lazy\" class=\" alignright size-full wp-image-996\" style=\"float: right;\" title=\"SPD-Landtagsfraktionschef Klaus Ness, Ministerpr\u00e4sident Dietmar Woidke, MdL Kerstin Kircheis und Ulrich Freese setzen gemeinsam ein Zeichen f\u00fcr Menschlichkeit und Humanit\u00e4t und gegen Hass und Fremdenfeindlichkeit\" src=\"http:\/\/uli-freese.de\/neu\/wp-content\/uploads\/2015\/10\/20151016_Hoffest_3.jpg\" alt=\"20151016 Hoffest 3\" width=\"300\" height=\"201\" srcset=\"https:\/\/uli-freese.de\/neu\/wp-content\/uploads\/2015\/10\/20151016_Hoffest_3.jpg 2048w, https:\/\/uli-freese.de\/neu\/wp-content\/uploads\/2015\/10\/20151016_Hoffest_3-300x201.jpg 300w, https:\/\/uli-freese.de\/neu\/wp-content\/uploads\/2015\/10\/20151016_Hoffest_3-768x514.jpg 768w, https:\/\/uli-freese.de\/neu\/wp-content\/uploads\/2015\/10\/20151016_Hoffest_3-1024x685.jpg 1024w\" sizes=\"(max-width: 300px) 100vw, 300px\" \/>Eins ist klar: Cottbuser und Brandenburger stehen zusammen f\u00fcr Menschlichkeit und Humanit\u00e4t. Sie stehen zusammen gegen Rechtsradikalismus in Brandenburg, egal hinter welcher Maske er sich versteckt. Das ist das Signal des heutigen Abends.<\/p>\n<p>Von der AWO sowie vielen freiwilligen Helfern von Vereinen, Parteien, Gewerkschaften gab es am heutigen Abend eine Verpflegung f\u00fcr die Fl\u00fcchtlinge und G\u00e4ste sowie die M\u00f6glichkeit sich gemeinsam sportlich bei Tischtennis, Basketball und Kicker sportlich zu bet\u00e4tigen.<\/p>\n<p>(Fotos: B\u00fcrgerb\u00fcro Ulrich Freese, M. Heger)<\/p>\n<\/p><\/div>\n<div id=\"fb-root\"><\/div>\n<p><script>(function(d, s, id) {  var js, fjs = d.getElementsByTagName(s)[0];  if (d.getElementById(id)) return;  js = d.createElement(s); js.id = id;  js.src = \"\/\/connect.facebook.net\/de_DE\/sdk.js#xfbml=1&version=v2.3\";  fjs.parentNode.insertBefore(js, fjs);}(document, 'script', 'facebook-jssdk'));<\/script><\/p>\n<div class=\"fb-post\" data-href=\"https:\/\/www.facebook.com\/ulifreese\/videos\/1074379182573345\/\" data-width=\"686\">\n<div class=\"fb-xfbml-parse-ignore\">\n<blockquote cite=\"https:\/\/www.facebook.com\/ulifreese\/videos\/1074379182573345\/\">\n<p>Video: Ministerpr&#xe4;sident Woidkes Rede beim heutigen Hoffest an der Erstaufnahmeeinrichtung in Cottbus. (Leider fehlt aus technischen Gr&#xfc;nden der Anfang des Videos)<\/p>\n<p>Posted by <a href=\"https:\/\/www.facebook.com\/ulifreese\">Uli Freese<\/a> on&nbsp;<a href=\"https:\/\/www.facebook.com\/ulifreese\/videos\/1074379182573345\/\">Freitag, 16. Oktober 2015<\/a><\/p><\/blockquote>\n<\/div>\n<\/div>\n","protected":false},"excerpt":{"rendered":"<p>&#8222;Cottbus zeigt Herz&#8220; lautete der Aufruf f\u00fcr das heutige Hoffest in der Erstaufnahmeeinrichtung in der Poznaner Stra\u00dfe in Cottbus. Und was mich besonders freut: Cottbus hat heute Abend sehr viel Herz gezeigt! Mehrere hundert Cottbuserinnen und Cottbuser und ihre G\u00e4ste waren ab 16 Uhr zum Hoffest erschienen. Sp\u00e4ter kamen auch die Teilnehmer des Demonstrationszuges von [&hellip;]<\/p>\n","protected":false},"author":1,"featured_media":994,"comment_status":"closed","ping_status":"open","sticky":false,"template":"","format":"standard","meta":[],"categories":[3],"tags":[],"_links":{"self":[{"href":"https:\/\/uli-freese.de\/neu\/wp-json\/wp\/v2\/posts\/997"}],"collection":[{"href":"https:\/\/uli-freese.de\/neu\/wp-json\/wp\/v2\/posts"}],"about":[{"href":"https:\/\/uli-freese.de\/neu\/wp-json\/wp\/v2\/types\/post"}],"author":[{"embeddable":true,"href":"https:\/\/uli-freese.de\/neu\/wp-json\/wp\/v2\/users\/1"}],"replies":[{"embeddable":true,"href":"https:\/\/uli-freese.de\/neu\/wp-json\/wp\/v2\/comments?post=997"}],"version-history":[{"count":1,"href":"https:\/\/uli-freese.de\/neu\/wp-json\/wp\/v2\/posts\/997\/revisions"}],"predecessor-version":[{"id":2052,"href":"https:\/\/uli-freese.de\/neu\/wp-json\/wp\/v2\/posts\/997\/revisions\/2052"}],"wp:featuredmedia":[{"embeddable":true,"href":"https:\/\/uli-freese.de\/neu\/wp-json\/wp\/v2\/media\/994"}],"wp:attachment":[{"href":"https:\/\/uli-freese.de\/neu\/wp-json\/wp\/v2\/media?parent=997"}],"wp:term":[{"taxonomy":"category","embeddable":true,"href":"https:\/\/uli-freese.de\/neu\/wp-json\/wp\/v2\/categories?post=997"},{"taxonomy":"post_tag","embeddable":true,"href":"https:\/\/uli-freese.de\/neu\/wp-json\/wp\/v2\/tags?post=997"}],"curies":[{"name":"wp","href":"https:\/\/api.w.org\/{rel}","templated":true}]}}